{"id":44310,"date":"2023-04-19T17:33:10","date_gmt":"2023-04-19T15:33:10","guid":{"rendered":"https:\/\/www.filastrocche.it\/feste\/?p=44310"},"modified":"2024-01-04T16:20:07","modified_gmt":"2024-01-04T15:20:07","slug":"filastrocche-di-arpalice-cuman-pertile","status":"publish","type":"post","link":"https:\/\/www.filastrocche.it\/feste\/filastrocche-di-arpalice-cuman-pertile\/","title":{"rendered":"Le pi\u00f9 belle Filastrocche di Arpalice Cuman Pertile"},"content":{"rendered":"<p><a href=\"https:\/\/www.filastrocche.it\/feste\/wp-content\/uploads\/2023\/04\/filastrocche-di-arpalice-cuman-pertile.jpg\"><img loading=\"lazy\" decoding=\"async\" width=\"550\" height=\"786\" class=\"aligncenter wp-image-44320 size-full\" title=\"Filastrocche di Arpalice Cuman Pertile\" src=\"https:\/\/www.filastrocche.it\/feste\/wp-content\/uploads\/2023\/04\/filastrocche-di-arpalice-cuman-pertile.jpg\" alt=\"Filastrocche di Arpalice Cuman Pertile\" srcset=\"https:\/\/www.filastrocche.it\/feste\/wp-content\/uploads\/2023\/04\/filastrocche-di-arpalice-cuman-pertile.jpg 550w, https:\/\/www.filastrocche.it\/feste\/wp-content\/uploads\/2023\/04\/filastrocche-di-arpalice-cuman-pertile-210x300.jpg 210w\" sizes=\"auto, (max-width: 550px) 100vw, 550px\" \/><\/a><\/p>\n<h2>Selezione delle migliori <strong>Filastrocche di Arpalice Cuman Pertile<\/strong><\/h2>\n<p><strong>Arpalice Cuman Pertile<\/strong> fu una <strong>poetessa e scrittrice<\/strong> dei primi anni del &#8216;900.<br \/>\nNacque a Marostica nel 1876 e vi mor\u00ec nel 1958.<\/p>\n<p>Dopo la laurea, <strong>si dedic\u00f2 con passione all&#8217;insegnamento dei pi\u00f9 piccoli<\/strong> fino a quando, durante il fascismo, fu allontanata dall&#8217;ambiente scolastico per le sue idee politiche (antifasciste e pacifiste).<\/p>\n<p>Durante la sua vita pubblic\u00f2 <strong>moltissimi libri per bambini<\/strong> <strong>e per le scuole elementari.<\/strong><\/p>\n<p>Alcune sue poesie e filastrocche sono cos\u00ec note da essere <strong>spesso ritenute testi tradizionali<\/strong>.<\/p>\n<p>&nbsp;<\/p>\n<h3><strong>Filastrocche di Arpalice Cuman Pertile<\/strong> disponibili<\/h3>\n<p>&nbsp;<\/p>\n<ul>\n<li><a href=\"https:\/\/www.filastrocche.it\/contenuti\/anatre-al-fosso\/\"><strong>A lavarsi!<\/strong><\/a> <em>di Arpalice Cuman Pertile<\/em><\/li>\n<li><a href=\"https:\/\/www.filastrocche.it\/contenuti\/a-mosca-cieca\/\"><strong>A mosca cieca<\/strong><\/a> <em>di Arpalice Cuman Pertile<\/em><\/li>\n<li><a href=\"https:\/\/www.filastrocche.it\/contenuti\/a-nascondino\/\"><strong>A nascondino<\/strong><\/a> <em>di Arpalice Cuman Pertile<\/em><\/li>\n<li><a href=\"https:\/\/www.filastrocche.it\/contenuti\/al-babbo-lontano\/\"><strong>Al babbo lontano<\/strong><\/a> <em>di Arpalice Cuman Pertile<\/em><\/li>\n<li><a href=\"https:\/\/www.filastrocche.it\/contenuti\/alberello-brullo\/\"><strong>Alberello brullo<\/strong><\/a> <em>di Arpalice Cuman Pertile<\/em><\/li>\n<li><a href=\"https:\/\/www.filastrocche.it\/contenuti\/all-ave-maria\/\"><strong>All&#8217;Ave Maria<\/strong><\/a> <em>di Arpalice Cuman Pertile<\/em><\/li>\n<li><a href=\"https:\/\/www.filastrocche.it\/contenuti\/angelo-piccino\/\"><strong>Angelo piccino<\/strong><\/a> <em>di Arpalice Cuman Pertile<\/em><\/li>\n<li><a href=\"https:\/\/www.filastrocche.it\/contenuti\/anno-vecchio-e-anno-nuovo\/\"><strong>Anno vecchio e anno nuovo<\/strong><\/a> <em>di Arpalice Cuman Pertile<\/em><\/li>\n<li><a href=\"https:\/\/www.filastrocche.it\/contenuti\/bacio\/\"><strong>Bacio<\/strong><\/a> <em>di Arpalice Cuman Pertile<\/em><\/li>\n<li><a href=\"https:\/\/www.filastrocche.it\/contenuti\/boccuccia-bella\/\"><strong>Boccuccia bella<\/strong><\/a> <em>di Arpalice Cuman Pertile<\/em><\/li>\n<li><a href=\"https:\/\/www.filastrocche.it\/contenuti\/bonta-squisita\/\"><strong>Bont\u00e0 squisita<\/strong><\/a> <em>di Arpalice Cuman Pertile<\/em><\/li>\n<li><a href=\"https:\/\/www.filastrocche.it\/contenuti\/brutto-male\/\"><strong>Brutto male<\/strong><\/a> <em>di Arpalice Cuman Pertile<\/em><\/li>\n<li><a href=\"https:\/\/www.filastrocche.it\/contenuti\/buon-riposo\/\"><strong>Buon riposo!<\/strong><\/a> <em>di Arpalice Cuman Pertile<\/em><\/li>\n<li><a href=\"https:\/\/www.filastrocche.it\/contenuti\/buono-e-2\/\"><strong>Buono \u00e8&#8230;<\/strong><\/a> <em>di Arpalice Cuman Pertile<\/em><\/li>\n<li><a href=\"https:\/\/www.filastrocche.it\/contenuti\/vecchina\/\"><strong>Cade un dentino<\/strong><\/a> <em>di Arpalice Cuman Pertile<\/em><\/li>\n<li><a href=\"https:\/\/www.filastrocche.it\/contenuti\/campana-della-sera\/\"><strong>Campana della sera<\/strong><\/a> <em>di Arpalice Cuman Pertile<\/em><\/li>\n<li><a href=\"https:\/\/www.filastrocche.it\/contenuti\/che-fa-il-sole\/\"><strong>Che fa il sole<\/strong><\/a> <em>di Arpalice Cuman Pertile<\/em><\/li>\n<li><a href=\"https:\/\/www.filastrocche.it\/contenuti\/fa-mamma\/\"><strong>Che fa la mamma?<\/strong><\/a> <em>di Arpalice Cuman Pertile<\/em><\/li>\n<li><a href=\"https:\/\/www.filastrocche.it\/contenuti\/chi-va-e-chi-resta\/\"><strong>Chi va e chi resta<\/strong><\/a> <em>di Arpalice Cuman Pertile<\/em><\/li>\n<li><a href=\"https:\/\/www.filastrocche.it\/contenuti\/chiccolino-2\/\"><strong>Chiccolino<\/strong><\/a> <em>di Arpalice Cuman Pertile<\/em><\/li>\n<li><a href=\"https:\/\/www.filastrocche.it\/contenuti\/chiccolino\/\"><strong>Chiccolino<\/strong><\/a> <em>di Arpalice Cuman Pertile<\/em><\/li>\n<li><a href=\"https:\/\/www.filastrocche.it\/contenuti\/ci-arrivera\/\"><strong>Ci arriver\u00e0?<\/strong><\/a> <em>di Arpalice Cuman Pertile<\/em><\/li>\n<li><a href=\"https:\/\/www.filastrocche.it\/contenuti\/cosa-mi-piace\/\"><strong>Cosa mi piace<\/strong><\/a> <em>di Arpalice Cuman Pertile<\/em><\/li>\n<li><a href=\"https:\/\/www.filastrocche.it\/contenuti\/crescere-come-il-babbo\/\"><strong>Crescere come il babbo<\/strong><\/a> <em>di Arpalice Cuman Pertile<\/em><\/li>\n<li><a href=\"https:\/\/www.filastrocche.it\/contenuti\/den-den-den\/\"><strong>Den den den<\/strong><\/a> <em>di Arpalice Cuman Pertile<\/em><\/li>\n<li><a href=\"https:\/\/www.filastrocche.it\/contenuti\/dice-la-luna\/\"><strong>Dice la luna<\/strong><\/a> <em>di Arpalice Cuman Pertile<\/em><\/li>\n<li><a href=\"https:\/\/www.filastrocche.it\/contenuti\/dirindin-diciotto-e-venti\/\"><strong>Dirindin diciotto e venti<\/strong><\/a> <em>di Arpalice Cuman Pertile<\/em><\/li>\n<li><a href=\"https:\/\/www.filastrocche.it\/contenuti\/dolce-risveglio\/\"><strong>Dolce risveglio<\/strong><\/a> <em>di Arpalice Cuman Pertile<\/em><\/li>\n<li><a href=\"https:\/\/www.filastrocche.it\/contenuti\/e-vero\/\"><strong>\u00c8 vero?<\/strong><\/a> <em>di Arpalice Cuman Pertile<\/em><\/li>\n<li><a href=\"https:\/\/www.filastrocche.it\/contenuti\/fuori-guscio\/\"><strong>Fuori del guscio<\/strong><\/a> <em>di Arpalice Cuman Pertile<\/em><\/li>\n<li><a href=\"https:\/\/www.filastrocche.it\/contenuti\/gli-attrezzi-contadino\/\"><strong>Gli attrezzi del contadino<\/strong><\/a> <em>di Arpalice Cuman Pertile<\/em><\/li>\n<li><a href=\"https:\/\/www.filastrocche.it\/contenuti\/grilli-per-la-testa\/\"><strong>Grilli per la testa<\/strong><\/a> <em>di Arpalice Cuman Pertile<\/em><\/li>\n<li><a href=\"https:\/\/www.filastrocche.it\/contenuti\/i-difetti-dei-bimbi\/\"><strong>I difetti dei bimbi<\/strong><\/a> <em>di Arpalice Cuman Pertile<\/em><\/li>\n<li><a href=\"https:\/\/www.filastrocche.it\/contenuti\/i-mesi-dellanno-24\/\"><strong>I mesi dell&#8217;anno<\/strong><\/a> <em>di Arpalice Cuman Pertile<\/em><\/li>\n<li><a href=\"https:\/\/www.filastrocche.it\/contenuti\/la-piccola-margheritina-2\/\"><strong>I primi giochi<\/strong><\/a> <em>di Arpalice Cuman Pertile<\/em><\/li>\n<li><a href=\"https:\/\/www.filastrocche.it\/contenuti\/il-bimbo-e-le-farfalle\/\"><strong>Il bambino e le farfalle<\/strong><\/a> <em>di Arpalice Cuman Pertile<\/em><\/li>\n<li><a href=\"https:\/\/www.filastrocche.it\/contenuti\/il-bimbo-e-il-chicco-di-grano\/\"><strong>Il bimbo e il chiccolino<\/strong><\/a> <em>di Arpalice Cuman Pertile<\/em><\/li>\n<li><a href=\"https:\/\/www.filastrocche.it\/contenuti\/canto-del-mattino\/\"><strong>Il bimbo e il sole<\/strong><\/a> <em>di Arpalice Cuman Pertile<\/em><\/li>\n<li><a href=\"https:\/\/www.filastrocche.it\/contenuti\/il-bimbo-e-la-luna\/\"><strong>Il bimbo e la luna<\/strong><\/a> <em>di Arpalice Cuman Pertile<\/em><\/li>\n<li><a href=\"https:\/\/www.filastrocche.it\/contenuti\/cane-e-ammalato\/\"><strong>Il cane \u00e8 ammalato<\/strong><\/a> <em>di Arpalice Cuman Pertile<\/em><\/li>\n<li><a href=\"https:\/\/www.filastrocche.it\/contenuti\/il-codino-di-un-topino\/\"><strong>Il codino di un topino<\/strong><\/a> <em>di Arpalice Cuman Pertile<\/em><\/li>\n<li><a href=\"https:\/\/www.filastrocche.it\/contenuti\/il-codino-traditore\/\"><strong>Il codino traditore<\/strong><\/a> <em>di Arpalice Cuman Pertile<\/em><\/li>\n<li><a href=\"https:\/\/www.filastrocche.it\/contenuti\/il-filo-doro\/\"><strong>Il filo d&#8217;oro<\/strong><\/a> <em>di Arpalice Cuman Pertile<\/em><\/li>\n<li><a href=\"https:\/\/www.filastrocche.it\/contenuti\/la-spiga\/\"><strong>Il gioco del chiccolino di grano<\/strong><\/a>\u00a0<em>di Arpalice Cuman Pertile<\/em><\/li>\n<li><a href=\"https:\/\/www.filastrocche.it\/contenuti\/giorno-dei-piccoli\/\"><strong>Il Giorno dei Piccoli<\/strong><\/a> <em>di Arpalice Cuman Pertile<\/em><\/li>\n<li><a href=\"https:\/\/www.filastrocche.it\/contenuti\/girotondo-che-dura-quanto-il-mondo\/\"><strong>Il giro girotondo che dura quanto il mondo<\/strong><\/a> <em>di Arpalice Cuman Pertile<\/em><\/li>\n<li><a href=\"https:\/\/www.filastrocche.it\/contenuti\/il-girotondo-delle-maschere\/\"><strong>Il girotondo delle maschere<\/strong><\/a> <em>di Arpalice Cuman Pertile<\/em><\/li>\n<li><a href=\"https:\/\/www.filastrocche.it\/contenuti\/il-grillo-nottambulo\/\"><strong>Il grillo nottambulo<\/strong><\/a> <em>di Arpalice Cuman Pertile<\/em><\/li>\n<li><a href=\"https:\/\/www.filastrocche.it\/contenuti\/lieto-annuncio\/\"><strong>Il lieto annuncio<\/strong><\/a> <em>di Arpalice Cuman Pertile<\/em><\/li>\n<li><a href=\"https:\/\/www.filastrocche.it\/contenuti\/mio-paese\/\"><strong>Il mio Paese<\/strong><\/a> <em>di Arpalice Cuman Pertile<\/em><\/li>\n<li><strong><a href=\"https:\/\/www.filastrocche.it\/contenuti\/il-passero-prigioniero\/\">Il passero prigioniero<\/a><\/strong> <em>di Arpalice Cuman Pertile<\/em><\/li>\n<li><a href=\"https:\/\/www.filastrocche.it\/contenuti\/il-piccolo-re-invisibile\/\"><strong>Il piccolo re invisibile<\/strong><\/a> <em>di Arpalice Cuman Pertile<\/em><\/li>\n<li><a href=\"https:\/\/www.filastrocche.it\/contenuti\/il-sole\/\"><strong>Il sole<\/strong><\/a> <em>di Arpalice Cuman Pertile<\/em><\/li>\n<li><a href=\"https:\/\/www.filastrocche.it\/contenuti\/sonnellino-dell-alba\/\"><strong>Il sonnellino dell&#8217;alba<\/strong><\/a> <em>di Arpalice Cuman Pertile<\/em><\/li>\n<li><strong><a href=\"https:\/\/www.filastrocche.it\/contenuti\/il-sonno-viene\/\">Il sonno viene<\/a><\/strong> <em>di Arpalice Cuman Pertile<\/em><\/li>\n<li><a href=\"https:\/\/www.filastrocche.it\/contenuti\/temporale-4\/\"><strong>Il temporale<\/strong><\/a> <em>di Arpalice Cuman Pertile<\/em><\/li>\n<li><strong><a href=\"https:\/\/www.filastrocche.it\/contenuti\/il-topolino-sapientone\/\">Il topolino sapientone<\/a><\/strong> <em>di Arpalice Cuman Pertile<\/em><\/li>\n<li><a href=\"https:\/\/www.filastrocche.it\/contenuti\/indovinala-grillo\/\"><strong>Indovinala, grillo!<\/strong><\/a> <em>di Arpalice Cuman Pertile<\/em><\/li>\n<li><a href=\"https:\/\/www.filastrocche.it\/contenuti\/indovinello-5\/\"><strong>Indovinello<\/strong><\/a> <em>di Arpalice Cuman Pertile<\/em><\/li>\n<li><a href=\"https:\/\/www.filastrocche.it\/contenuti\/invito-alle-rondini\/\"><strong>Invito alle rondini<\/strong><\/a> <em>di Arpalice Cuman Pertile<\/em><\/li>\n<li><a href=\"https:\/\/www.filastrocche.it\/contenuti\/italia-4\/\"><strong>Italia<\/strong><\/a> <em>di Arpalice Cuman Pertile<\/em><\/li>\n<li><a href=\"https:\/\/www.filastrocche.it\/contenuti\/amor-di-patria\/\"><strong>L&#8217;amor di patria<\/strong><\/a> <em>di Arpalice Cuman Pertile<\/em><\/li>\n<li><a href=\"https:\/\/www.filastrocche.it\/contenuti\/l-inverno-2\/\"><strong>L&#8217;Inverno<\/strong><\/a> <em>di Arpalice Cuman Pertile<\/em><\/li>\n<li><a href=\"https:\/\/www.filastrocche.it\/contenuti\/barca-curiosa\/\"><strong>La barca curiosa<\/strong><\/a> <em>di Arpalice Cuman Pertile<\/em><\/li>\n<li><a href=\"https:\/\/www.filastrocche.it\/contenuti\/bimba-lacqua\/\"><strong>La bimba e l&#8217;acqua<\/strong><\/a> <em>di Arpalice Cuman Pertile<\/em><\/li>\n<li><a href=\"https:\/\/www.filastrocche.it\/contenuti\/la-canzone-delle-mascherine\/\"><strong>La canzone delle mascherine<\/strong><\/a> <em>di Arpalice Cuman Pertile<\/em><\/li>\n<li><a href=\"https:\/\/www.filastrocche.it\/contenuti\/la-mia-bimba\/\"><strong>La cara mattinata<\/strong><\/a> <em>di Arpalice Cuman Pertile<\/em><\/li>\n<li><a href=\"https:\/\/www.filastrocche.it\/contenuti\/la-cascatella\/\"><strong>La cascatella<\/strong><\/a> <em>di Arpalice Cuman Pertile<\/em><\/li>\n<li><a href=\"https:\/\/www.filastrocche.it\/contenuti\/la-dolce-ninna-nanna\/\"><strong>La dolce ninna nanna<\/strong><\/a> <em>di Arpalice Cuman Pertile<\/em><\/li>\n<li><a href=\"https:\/\/www.filastrocche.it\/contenuti\/la-fata-2\/\"><strong>La fata<\/strong><\/a> <em>di Arpalice Cuman Pertile<\/em><\/li>\n<li><a href=\"https:\/\/www.filastrocche.it\/contenuti\/la-notte-e-qua\/\"><strong>La notte \u00e8 qua<\/strong><\/a> <em>di Arpalice Cuman Pertile<\/em><\/li>\n<li><a href=\"https:\/\/www.filastrocche.it\/contenuti\/la-novellina-del-grano\/\"><strong>La novellina del grano<\/strong><\/a> <em>di Arpalice Cuman Pertile<\/em><\/li>\n<li><a href=\"https:\/\/www.filastrocche.it\/contenuti\/la-piccola-margheritina\/\"><strong>La piccola margheritina<\/strong><\/a> <em>di Arpalice Cuman Pertile<\/em><\/li>\n<li><a href=\"https:\/\/www.filastrocche.it\/contenuti\/la-zucchina-indovinello\/\"><strong>La zucchina (Indovinello)<\/strong><\/a> <em>di Arpalice Cuman Pertile<\/em><\/li>\n<li><a href=\"https:\/\/www.filastrocche.it\/contenuti\/lasciami-qui\/\"><strong>Lasciami qui!<\/strong><\/a> <em>di Arpalice Cuman Pertile<\/em><\/li>\n<li><a href=\"https:\/\/www.filastrocche.it\/contenuti\/barchette-2\/\"><strong>Le barchette<\/strong><\/a> <em>di Arpalice Cuman Pertile<\/em><\/li>\n<li><a href=\"https:\/\/www.filastrocche.it\/contenuti\/nozze-dei-fiori\/\"><strong>Le nozze dei fiori<\/strong><\/a> <em>di Arpalice Cuman Pertile<\/em><\/li>\n<li><a href=\"https:\/\/www.filastrocche.it\/contenuti\/le-stelle-6\/\"><strong>Le stelle<\/strong><\/a> <em>di Arpalice Cuman Pertile<\/em><\/li>\n<li><a href=\"https:\/\/www.filastrocche.it\/contenuti\/le-stelline-del-bosco\/\"><strong>Le stelline del bosco<\/strong><\/a> <em>di Arpalice Cuman Pertile<\/em><\/li>\n<li><a href=\"https:\/\/www.filastrocche.it\/contenuti\/luccioletta-3\/\"><strong>Luccioletta<\/strong><\/a> <em>di Arpalice Cuman Pertile<\/em><\/li>\n<li><a href=\"https:\/\/www.filastrocche.it\/contenuti\/mamma-47\/\"><strong>Mamma<\/strong><\/a> <em>di Arpalice Cuman Pertile<\/em><\/li>\n<li><a href=\"https:\/\/www.filastrocche.it\/contenuti\/marzo-18\/\"><strong>Marzo<\/strong><\/a> <em>di Arpalice Cuman Pertile<\/em><\/li>\n<li><a href=\"https:\/\/www.filastrocche.it\/contenuti\/mentre-i-bimbi-dormono\/\"><strong>Mentre i bimbi dormono<\/strong><\/a> <em>di Arpalice Cuman Pertile<\/em><\/li>\n<li><a href=\"https:\/\/www.filastrocche.it\/contenuti\/mentre-la-bimba-e-a-scuola\/\"><strong>Mentre la bimba \u00e8 a scuola<\/strong><\/a> <em>di Arpalice Cuman Pertile<\/em><\/li>\n<li><a href=\"https:\/\/www.filastrocche.it\/contenuti\/miciabella\/\"><strong>Miciabella<\/strong><\/a> <em>di Arpalice Cuman Pertile<\/em><\/li>\n<li><a href=\"https:\/\/www.filastrocche.it\/contenuti\/natale-69\/\"><strong>Natale<\/strong><\/a> <em>di Arpalice Cuman Pertile<\/em><\/li>\n<li><a href=\"https:\/\/www.filastrocche.it\/contenuti\/nel-gaio-mezzogiorno\/\"><strong>Nel gaio mezzogiorno<\/strong><\/a> <em>di Arpalice Cuman Pertile<\/em><\/li>\n<li><a href=\"https:\/\/www.filastrocche.it\/contenuti\/nel-roseo-mattino\/\"><strong>Nel roseo mattino<\/strong><\/a> <em>di Arpalice Cuman Pertile<\/em><\/li>\n<li><a href=\"https:\/\/www.filastrocche.it\/contenuti\/nella-placida-sera\/\"><strong>Nella placida sera<\/strong><\/a> <em>di Arpalice Cuman Pertile<\/em><\/li>\n<li><a href=\"https:\/\/www.filastrocche.it\/contenuti\/nella-tacita-notte\/\"><strong>Nella tacita notte<\/strong><\/a> <em>di Arpalice Cuman Pertile<\/em><\/li>\n<li><a href=\"https:\/\/www.filastrocche.it\/contenuti\/neve-neve\/\"><strong>Neve neve<\/strong><\/a> <em>di Arpalice Cuman Pertile<\/em><\/li>\n<li><a href=\"https:\/\/www.filastrocche.it\/contenuti\/non-la-vedi-indovinello\/\"><strong>Non la vedi (Indovinello)<\/strong><\/a> <em>di Arpalice Cuman Pertile<\/em><\/li>\n<li><a href=\"https:\/\/www.filastrocche.it\/contenuti\/nozze-nozzette\/\"><strong>Nozze nozzette<\/strong><\/a> <em>di Arpalice Cuman Pertile<\/em><\/li>\n<li><a href=\"https:\/\/www.filastrocche.it\/contenuti\/o-mia-barchetta\/\"><strong>O mia barchetta<\/strong><\/a> <em>di Arpalice Cuman Pertile<\/em><\/li>\n<li><a href=\"https:\/\/www.filastrocche.it\/contenuti\/o-padre-nostro\/\"><strong>O Padre nostro<\/strong><\/a> <em>di Arpalice Cuman Pertile<\/em><\/li>\n<li><a href=\"https:\/\/www.filastrocche.it\/contenuti\/o-signore-grande-e-buono\/\"><strong>O Signore grande e buono<\/strong><\/a> <em>di Arpalice Cuman Pertile<\/em><\/li>\n<li><a href=\"https:\/\/www.filastrocche.it\/contenuti\/o-sole-o-sole\/\"><strong>O sole, o sole!<\/strong><\/a> <em>di Arpalice Cuman Pertile<\/em><\/li>\n<li><a href=\"https:\/\/www.filastrocche.it\/contenuti\/ogni-fiore-e-un-libriccino\/\"><strong>Ogni fiore \u00e8 un libriccino<\/strong><\/a> <em>di Arpalice Cuman Pertile<\/em><\/li>\n<li><a href=\"https:\/\/www.filastrocche.it\/contenuti\/partenza\/\"><strong>Partenza<\/strong><\/a> <em>di Arpalice Cuman Pertile<\/em><\/li>\n<li><a href=\"https:\/\/www.filastrocche.it\/contenuti\/pasqua-23\/\"><strong>Pasqua<\/strong><\/a> <em>di Arpalice Cuman Pertile<\/em><\/li>\n<li><a href=\"https:\/\/www.filastrocche.it\/contenuti\/piccola-margheritina\/\"><strong>Piccola margheritina<\/strong><\/a> <em>di Arpalice Cuman Pertile<\/em><\/li>\n<li><a href=\"https:\/\/www.filastrocche.it\/contenuti\/piedino\/\"><strong>Piedino<\/strong><\/a> <em>di Arpalice Cuman Pertile<\/em><\/li>\n<li><a href=\"https:\/\/www.filastrocche.it\/contenuti\/pippolo-pippolo\/\"><strong>Pippolo pippolo<\/strong><\/a> <em>di Arpalice Cuman Pertile<\/em><\/li>\n<li><a href=\"https:\/\/www.filastrocche.it\/contenuti\/preghiera-della-sera-2\/\"><strong>Preghiera della sera<\/strong><\/a> <em>di Arpalice Cuman Pertile<\/em><\/li>\n<li><a href=\"https:\/\/www.filastrocche.it\/contenuti\/quando-potro-viaggiare\/\"><strong>Quando potr\u00f2 viaggiare!<\/strong><\/a> <em>di Arpalice Cuman Pertile<\/em><\/li>\n<li><a href=\"https:\/\/www.filastrocche.it\/contenuti\/quel-che-dicono-i-babbi\/\"><strong>Quel che dicono i babbi<\/strong><\/a> <em>di Arpalice Cuman Pertile<\/em><\/li>\n<li><a href=\"https:\/\/www.filastrocche.it\/contenuti\/quel-che-vede-la-luna\/\"><strong>Quel che vede la luna<\/strong><\/a> <em>di Arpalice Cuman Pertile<\/em><\/li>\n<li><a href=\"https:\/\/www.filastrocche.it\/contenuti\/rimpiattino\/\"><strong>Rimpiattino<\/strong><\/a> <em>di Arpalice Cuman Pertile<\/em><\/li>\n<li><a href=\"https:\/\/www.filastrocche.it\/contenuti\/scende-la-notte\/\"><strong>Scende la notte<\/strong><\/a> <em>di Arpalice Cuman Pertile<\/em><\/li>\n<li><a href=\"https:\/\/www.filastrocche.it\/contenuti\/se-avessi-l-ali\/\"><strong>Se avessi l&#8217;ali!<\/strong><\/a> <em>di Arpalice Cuman Pertile<\/em><\/li>\n<li><a href=\"https:\/\/www.filastrocche.it\/contenuti\/senza-denti\/\"><strong>Senza denti<\/strong><\/a> <em>di Arpalice Cuman Pertile<\/em><\/li>\n<li><a href=\"https:\/\/www.filastrocche.it\/contenuti\/senza-la-mamma\/\"><strong>Senza la mamma<\/strong><\/a> <em>di Arpalice Cuman Pertile<\/em><\/li>\n<li><a href=\"https:\/\/www.filastrocche.it\/contenuti\/serenita-natalizia\/\"><strong>Serenit\u00e0 natalizia<\/strong><\/a> <em>di Arpalice Cuman Pertile<\/em><\/li>\n<li><a href=\"https:\/\/www.filastrocche.it\/contenuti\/sette-fratelli-indovinello\/\"><strong>Sette fratelli (Indovinello)<\/strong><\/a> <em>di Arpalice Cuman Pertile<\/em><\/li>\n<li><a href=\"https:\/\/www.filastrocche.it\/contenuti\/siamo-in-seconda\/\"><strong>Siamo in seconda<\/strong><\/a> <em>di Arpalice Cuman Pertile<\/em><\/li>\n<li><a href=\"https:\/\/www.filastrocche.it\/contenuti\/silenzio-2\/\"><strong>Silenzio<\/strong><\/a> <em>di Arpalice Cuman Pertile<\/em><\/li>\n<li><a href=\"https:\/\/www.filastrocche.it\/contenuti\/sogni-2\/\"><strong>Sogni<\/strong><\/a> <em>di Arpalice Cuman Pertile<\/em><\/li>\n<li><a href=\"https:\/\/www.filastrocche.it\/contenuti\/sotto-lombrello\/\"><strong>Sotto l&#8217;ombrello<\/strong><\/a> <em>di Arpalice Cuman Pertile<\/em><\/li>\n<li><a href=\"https:\/\/www.filastrocche.it\/contenuti\/spighe-d-oro\/\"><strong>Spighe d&#8217;Oro<\/strong><\/a> <em>di Arpalice Cuman Pertile<\/em><\/li>\n<li><a href=\"https:\/\/www.filastrocche.it\/contenuti\/stelle-d-italia\/\"><strong>Stelle d&#8217;Italia<\/strong><\/a> <em>di Arpalice Cuman Pertile<\/em><\/li>\n<li><a href=\"https:\/\/www.filastrocche.it\/contenuti\/stellina-dove-vai\/\"><strong>Stellina, dove vai?<\/strong><\/a> <em>di Arpalice Cuman Pertile<\/em><\/li>\n<li><a href=\"https:\/\/www.filastrocche.it\/contenuti\/sulla-spiaggia-3\/\"><strong>Sulla spiaggia<\/strong><\/a> <em>di Arpalice Cuman Pertile<\/em><\/li>\n<li><a href=\"https:\/\/www.filastrocche.it\/contenuti\/testolina-tonda-e-dor\/\"><strong>Testolina tonda e d&#8217;or<\/strong><\/a> <em>di Arpalice Cuman Pertile<\/em><\/li>\n<li><a href=\"https:\/\/www.filastrocche.it\/contenuti\/uccellino-dove-vai\/\"><strong>Uccellino dove vai?<\/strong><\/a> <em>di Arpalice Cuman Pertile<\/em><\/li>\n<li><a href=\"https:\/\/www.filastrocche.it\/contenuti\/arriva-la-befana-3\/\"><strong>Viene piano la Befana<\/strong><\/a> <em>di Arpalice Cuman Pertile<\/em><\/li>\n<li><a href=\"https:\/\/www.filastrocche.it\/contenuti\/zitti-zitti\/\"><strong>Zitti zitti!<\/strong><\/a> <em>di Arpalice Cuman Pertile<\/em><\/li>\n<\/ul>\n<p>&nbsp;<\/p>\n<p><a href=\"https:\/\/www.filastrocche.it\/feste\/wp-content\/uploads\/2023\/04\/filastrocche-di-arpalice-cuman-pertile-2.jpg\"><img loading=\"lazy\" decoding=\"async\" width=\"550\" height=\"768\" class=\"aligncenter wp-image-44319 size-full\" title=\"Filastrocche di Arpalice Cuman Pertile\" src=\"https:\/\/www.filastrocche.it\/feste\/wp-content\/uploads\/2023\/04\/filastrocche-di-arpalice-cuman-pertile-2.jpg\" alt=\"Filastrocche di Arpalice Cuman Pertile\" srcset=\"https:\/\/www.filastrocche.it\/feste\/wp-content\/uploads\/2023\/04\/filastrocche-di-arpalice-cuman-pertile-2.jpg 550w, https:\/\/www.filastrocche.it\/feste\/wp-content\/uploads\/2023\/04\/filastrocche-di-arpalice-cuman-pertile-2-215x300.jpg 215w\" sizes=\"auto, (max-width: 550px) 100vw, 550px\" \/><\/a><\/p>\n<p>Se conoscete altre <a href=\"mailto:redazione@filastrocche.it\"><strong>Filastrocche di Arpalice Cuman Pertile<\/strong><\/a> non presenti nel nostro elenco, <a href=\"mailto:redazione@filastrocche.it\"><strong>inviatele alla Redazione<\/strong><\/a> e le aggiungeremo alla nostra selezione. Grazie!<\/p>\n<p>&nbsp;<\/p>\n<p><a href=\"https:\/\/www.filastrocche.it\/feste\/poesie-di-arpalice-cuman-pertile\/\"><img loading=\"lazy\" decoding=\"async\" width=\"150\" height=\"212\" class=\"alignnone wp-image-44316 size-full\" title=\"Poesie di Arpalice Cuman Pertile\" src=\"https:\/\/www.filastrocche.it\/feste\/wp-content\/uploads\/2023\/04\/poesie-di-arpalice-cuman-pertile-150.jpg\" alt=\"Poesie di Arpalice Cuman Pertile\"   \/><\/a><br \/>\nPer leggere le <a href=\"https:\/\/www.filastrocche.it\/feste\/poesie-di-arpalice-cuman-pertile\/\"><strong>Poesie di Arpalice Cuman Pertile, clicca qui!<\/strong><\/a><\/p>\n<p><a href=\"https:\/\/www.filastrocche.it\/feste\/filastrocche-e-poesie-di-autori-famosi\/\"><img loading=\"lazy\" decoding=\"async\" width=\"150\" height=\"134\" class=\"alignnone wp-image-42915 size-full\" title=\"Filastrocche e Poesie di Autori Famosi\" src=\"https:\/\/www.filastrocche.it\/feste\/wp-content\/uploads\/2018\/09\/filastrocche-di-autori-famosi-1-150.jpg\" alt=\"Filastrocche e Poesie di Autori Famosi\"   \/><\/a><br \/>\nPer altre raccolte di <a href=\"https:\/\/www.filastrocche.it\/feste\/filastrocche-e-poesie-di-autori-famosi\/\"><strong>Filastrocche e Poesie di Autori Famosi, clicca qui<\/strong><\/a>!<\/p>\n<p>&nbsp;<\/p>\n<p><a href=\"https:\/\/www.filastrocche.it\/feste\/speciale-scuola\/\"><img loading=\"lazy\" decoding=\"async\" width=\"169\" height=\"45\" class=\"alignnone wp-image-10249 size-full\" title=\"Speciale Scuola\" src=\"https:\/\/www.filastrocche.it\/feste\/wp-content\/uploads\/2013\/06\/scritta_specialescuola.gif\" alt=\"Speciale Scuola\"   \/><\/a><br \/>\n<a href=\"https:\/\/www.filastrocche.it\/feste\/speciale-scuola\/\"><strong>Visita lo Speciale Scuola!<\/strong><\/a><\/p>\n","protected":false},"excerpt":{"rendered":"<p>Selezione delle migliori Filastrocche di Arpalice Cuman Pertile Arpalice Cuman Pertile fu una poetessa e scrittrice dei primi anni del &#8216;900. Nacque a Marostica nel 1876 e vi mor\u00ec nel 1958. Dopo la laurea, si dedic\u00f2 con passione all&#8217;insegnamento dei pi\u00f9 piccoli fino a quando, durante il fascismo, fu allontanata dall&#8217;ambiente scolastico per le sue [&hellip;]<\/p>\n","protected":false},"author":5,"featured_media":44320,"comment_status":"open","ping_status":"open","sticky":false,"template":"","format":"standard","meta":{"footnotes":""},"categories":[1523,1039,1025,1071,10],"tags":[221,225,223,991],"sponsors":[],"class_list":["post-44310","post","type-post","status-publish","format-standard","has-post-thumbnail","hentry","category-filastrocche-e-poesie","category-materiale-didattico","category-per-tutti-i-giorni","category-rime-e-filastrocche-scuola","category-scuola","tag-filastrocche","tag-poesie","tag-rime","tag-scuola-2"],"yoast_head":"<!-- This site is optimized with the Yoast SEO plugin v26.2 - https:\/\/yoast.com\/wordpress\/plugins\/seo\/ -->\n<title>Le pi\u00f9 belle Filastrocche di Arpalice Cuman Pertile - Filastrocche.it<\/title>\n<meta name=\"description\" content=\"Selezione delle pi\u00f9 belle e significative Filastrocche di Arpalice Cuman Pertile, poesie e testi brevi selezionati da Filastrocche.it...\" \/>\n<meta name=\"robots\" content=\"index, follow, max-snippet:-1, max-image-preview:large, max-video-preview:-1\" \/>\n<link rel=\"canonical\" href=\"https:\/\/www.filastrocche.it\/feste\/filastrocche-di-arpalice-cuman-pertile\/\" \/>\n<meta property=\"og:locale\" content=\"it_IT\" \/>\n<meta property=\"og:type\" content=\"article\" \/>\n<meta property=\"og:title\" content=\"Le pi\u00f9 belle Filastrocche di Arpalice Cuman Pertile - Filastrocche.it\" \/>\n<meta property=\"og:description\" content=\"Selezione delle pi\u00f9 belle e significative Filastrocche di Arpalice Cuman Pertile, poesie e testi brevi selezionati da Filastrocche.it...\" \/>\n<meta property=\"og:url\" content=\"https:\/\/www.filastrocche.it\/feste\/filastrocche-di-arpalice-cuman-pertile\/\" \/>\n<meta property=\"og:site_name\" content=\"Filastrocche.it\" \/>\n<meta property=\"article:author\" content=\"http:\/\/www.facebook.com\/jolanda.restano\" \/>\n<meta property=\"article:published_time\" content=\"2023-04-19T15:33:10+00:00\" \/>\n<meta property=\"article:modified_time\" content=\"2024-01-04T15:20:07+00:00\" \/>\n<meta property=\"og:image\" content=\"https:\/\/www.filastrocche.it\/feste\/wp-content\/uploads\/2023\/04\/filastrocche-di-arpalice-cuman-pertile.jpg\" \/>\n\t<meta property=\"og:image:width\" content=\"550\" \/>\n\t<meta property=\"og:image:height\" content=\"786\" \/>\n\t<meta property=\"og:image:type\" content=\"image\/jpeg\" \/>\n<meta name=\"author\" content=\"Jolanda\" \/>\n<meta name=\"twitter:label1\" content=\"Scritto da\" \/>\n\t<meta name=\"twitter:data1\" content=\"Jolanda\" \/>\n\t<meta name=\"twitter:label2\" content=\"Tempo di lettura stimato\" \/>\n\t<meta name=\"twitter:data2\" content=\"7 minuti\" \/>\n<!-- \/ Yoast SEO plugin. -->","yoast_head_json":{"title":"Le pi\u00f9 belle Filastrocche di Arpalice Cuman Pertile - Filastrocche.it","description":"Selezione delle pi\u00f9 belle e significative Filastrocche di Arpalice Cuman Pertile, poesie e testi brevi selezionati da Filastrocche.it...","robots":{"index":"index","follow":"follow","max-snippet":"max-snippet:-1","max-image-preview":"max-image-preview:large","max-video-preview":"max-video-preview:-1"},"canonical":"https:\/\/www.filastrocche.it\/feste\/filastrocche-di-arpalice-cuman-pertile\/","og_locale":"it_IT","og_type":"article","og_title":"Le pi\u00f9 belle Filastrocche di Arpalice Cuman Pertile - Filastrocche.it","og_description":"Selezione delle pi\u00f9 belle e significative Filastrocche di Arpalice Cuman Pertile, poesie e testi brevi selezionati da Filastrocche.it...","og_url":"https:\/\/www.filastrocche.it\/feste\/filastrocche-di-arpalice-cuman-pertile\/","og_site_name":"Filastrocche.it","article_author":"http:\/\/www.facebook.com\/jolanda.restano","article_published_time":"2023-04-19T15:33:10+00:00","article_modified_time":"2024-01-04T15:20:07+00:00","og_image":[{"width":550,"height":786,"url":"https:\/\/www.filastrocche.it\/feste\/wp-content\/uploads\/2023\/04\/filastrocche-di-arpalice-cuman-pertile.jpg","type":"image\/jpeg"}],"author":"Jolanda","twitter_misc":{"Scritto da":"Jolanda","Tempo di lettura stimato":"7 minuti"},"schema":{"@context":"https:\/\/schema.org","@graph":[{"@type":"WebPage","@id":"https:\/\/www.filastrocche.it\/feste\/filastrocche-di-arpalice-cuman-pertile\/","url":"https:\/\/www.filastrocche.it\/feste\/filastrocche-di-arpalice-cuman-pertile\/","name":"Le pi\u00f9 belle Filastrocche di Arpalice Cuman Pertile - Filastrocche.it","isPartOf":{"@id":"https:\/\/www.filastrocche.it\/feste\/#website"},"primaryImageOfPage":{"@id":"https:\/\/www.filastrocche.it\/feste\/filastrocche-di-arpalice-cuman-pertile\/#primaryimage"},"image":{"@id":"https:\/\/www.filastrocche.it\/feste\/filastrocche-di-arpalice-cuman-pertile\/#primaryimage"},"thumbnailUrl":"https:\/\/www.filastrocche.it\/feste\/wp-content\/uploads\/2023\/04\/filastrocche-di-arpalice-cuman-pertile.jpg","datePublished":"2023-04-19T15:33:10+00:00","dateModified":"2024-01-04T15:20:07+00:00","author":{"@id":"https:\/\/www.filastrocche.it\/feste\/#\/schema\/person\/13a7995b740342851d3a3c001f9dd658"},"description":"Selezione delle pi\u00f9 belle e significative Filastrocche di Arpalice Cuman Pertile, poesie e testi brevi selezionati da Filastrocche.it...","breadcrumb":{"@id":"https:\/\/www.filastrocche.it\/feste\/filastrocche-di-arpalice-cuman-pertile\/#breadcrumb"},"inLanguage":"it-IT","potentialAction":[{"@type":"ReadAction","target":["https:\/\/www.filastrocche.it\/feste\/filastrocche-di-arpalice-cuman-pertile\/"]}]},{"@type":"ImageObject","inLanguage":"it-IT","@id":"https:\/\/www.filastrocche.it\/feste\/filastrocche-di-arpalice-cuman-pertile\/#primaryimage","url":"https:\/\/www.filastrocche.it\/feste\/wp-content\/uploads\/2023\/04\/filastrocche-di-arpalice-cuman-pertile.jpg","contentUrl":"https:\/\/www.filastrocche.it\/feste\/wp-content\/uploads\/2023\/04\/filastrocche-di-arpalice-cuman-pertile.jpg","width":550,"height":786},{"@type":"BreadcrumbList","@id":"https:\/\/www.filastrocche.it\/feste\/filastrocche-di-arpalice-cuman-pertile\/#breadcrumb","itemListElement":[{"@type":"ListItem","position":1,"name":"Home","item":"https:\/\/www.filastrocche.it\/feste\/"},{"@type":"ListItem","position":2,"name":"Le pi\u00f9 belle Filastrocche di Arpalice Cuman Pertile"}]},{"@type":"WebSite","@id":"https:\/\/www.filastrocche.it\/feste\/#website","url":"https:\/\/www.filastrocche.it\/feste\/","name":"Filastrocche.it","description":"Festeggiamo in famiglia","potentialAction":[{"@type":"SearchAction","target":{"@type":"EntryPoint","urlTemplate":"https:\/\/www.filastrocche.it\/feste\/?s={search_term_string}"},"query-input":{"@type":"PropertyValueSpecification","valueRequired":true,"valueName":"search_term_string"}}],"inLanguage":"it-IT"},{"@type":"Person","@id":"https:\/\/www.filastrocche.it\/feste\/#\/schema\/person\/13a7995b740342851d3a3c001f9dd658","name":"Jolanda","image":{"@type":"ImageObject","inLanguage":"it-IT","@id":"https:\/\/www.filastrocche.it\/feste\/#\/schema\/person\/image\/","url":"https:\/\/secure.gravatar.com\/avatar\/1b1f38df48384d8f75481e92c0cbf9e3494d37f3cf35cd02b0f5cba7d63f7349?s=96&d=mm&r=g","contentUrl":"https:\/\/secure.gravatar.com\/avatar\/1b1f38df48384d8f75481e92c0cbf9e3494d37f3cf35cd02b0f5cba7d63f7349?s=96&d=mm&r=g","caption":"Jolanda"},"sameAs":["http:\/\/www.facebook.com\/jolanda.restano","https:\/\/x.com\/jolandarestano"],"url":"https:\/\/www.filastrocche.it\/feste\/author\/jolanda\/"}]}},"_links":{"self":[{"href":"https:\/\/www.filastrocche.it\/feste\/wp-json\/wp\/v2\/posts\/44310","targetHints":{"allow":["GET"]}}],"collection":[{"href":"https:\/\/www.filastrocche.it\/feste\/wp-json\/wp\/v2\/posts"}],"about":[{"href":"https:\/\/www.filastrocche.it\/feste\/wp-json\/wp\/v2\/types\/post"}],"author":[{"embeddable":true,"href":"https:\/\/www.filastrocche.it\/feste\/wp-json\/wp\/v2\/users\/5"}],"replies":[{"embeddable":true,"href":"https:\/\/www.filastrocche.it\/feste\/wp-json\/wp\/v2\/comments?post=44310"}],"version-history":[{"count":3,"href":"https:\/\/www.filastrocche.it\/feste\/wp-json\/wp\/v2\/posts\/44310\/revisions"}],"predecessor-version":[{"id":44683,"href":"https:\/\/www.filastrocche.it\/feste\/wp-json\/wp\/v2\/posts\/44310\/revisions\/44683"}],"wp:featuredmedia":[{"embeddable":true,"href":"https:\/\/www.filastrocche.it\/feste\/wp-json\/wp\/v2\/media\/44320"}],"wp:attachment":[{"href":"https:\/\/www.filastrocche.it\/feste\/wp-json\/wp\/v2\/media?parent=44310"}],"wp:term":[{"taxonomy":"category","embeddable":true,"href":"https:\/\/www.filastrocche.it\/feste\/wp-json\/wp\/v2\/categories?post=44310"},{"taxonomy":"post_tag","embeddable":true,"href":"https:\/\/www.filastrocche.it\/feste\/wp-json\/wp\/v2\/tags?post=44310"},{"taxonomy":"sponsors","embeddable":true,"href":"https:\/\/www.filastrocche.it\/feste\/wp-json\/wp\/v2\/sponsors?post=44310"}],"curies":[{"name":"wp","href":"https:\/\/api.w.org\/{rel}","templated":true}]}}