{"id":4595,"date":"2012-08-05T19:12:22","date_gmt":"2012-08-05T19:12:22","guid":{"rendered":"https:\/\/www.filastrocche.it\/feste\/?p=4595"},"modified":"2026-04-01T16:15:49","modified_gmt":"2026-04-01T14:15:49","slug":"campi-estivi-per-ragazzi-in-trentino-alto-adige","status":"publish","type":"post","link":"https:\/\/www.filastrocche.it\/feste\/campi-estivi-per-ragazzi-in-trentino-alto-adige\/","title":{"rendered":"Campi estivi per ragazzi: scuole, centri, laboratori, soggiorni e attivit\u00e0 in Trentino Alto Adige"},"content":{"rendered":"<p ><a href=\"https:\/\/www.filastrocche.it\/feste\/wp-content\/uploads\/2012\/08\/vacanze_scuole_estive_bambini17.jpg\"><img loading=\"lazy\" decoding=\"async\" width=\"350\" height=\"107\" class=\"aligncenter size-full wp-image-4597\" title=\"Campi estivi\" src=\"https:\/\/www.filastrocche.it\/feste\/wp-content\/uploads\/2012\/08\/vacanze_scuole_estive_bambini17.jpg\" alt=\"Campi estivi\" srcset=\"https:\/\/www.filastrocche.it\/feste\/wp-content\/uploads\/2012\/08\/vacanze_scuole_estive_bambini17.jpg 350w, https:\/\/www.filastrocche.it\/feste\/wp-content\/uploads\/2012\/08\/vacanze_scuole_estive_bambini17-300x91.jpg 300w\" sizes=\"auto, (max-width: 350px) 100vw, 350px\" \/><\/a><\/p>\n<h2>Cosa far fare ai ragazzi nelle vacanze? Ecco i Campi estivi in Trentino Alto Adige<\/h2>\n<p>Ecco una panoramica su <strong>Campi estivi per ragazzi e bambini, scuole, centri, laboratori, soggiorni, attivit\u00e0<\/strong> selezionati nella regione <strong>Trentino Alto Adige<\/strong>. Un&#8217;insieme di suggerimenti per un&#8217;estate piena di sport, lingue (come l&#8217;inglese), natura e tanto sano divertimento!<\/p>\n<p>Se desiderate segnalarci una struttura, una scuola estiva o un campus per l&#8217;inserimento su queste pagine, <a title=\"Scrivi alla Redazione\" href=\"mailto:redazione@filastrocche.it\">scriveteci<\/a>.<\/p>\n<p>&nbsp;<\/p>\n<p><strong><a href=\"https:\/\/campiavventura.it\/tour_destination\/trentino-alto-adige-2\/\" target=\"_blank\" rel=\"noopener\">Campi Avventura 2026<\/a><br \/>\n<\/strong><br \/>\nOrmai una tradizione: i Campi Avventura da oltre 40 anni offrono l\u2019occasione di un soggiorno educativo in mezzo alla natura, proponendo in quasi tutte le regioni italiane vacanze divertenti e attivit\u00e0 innovative nel campo dell\u2019educazione ambientale, per bambini e ragazzi dai 6 ai 17 anni. Alla tutela della natura si unisce l\u2019impegno in favore di una societ\u00e0 pi\u00f9 giusta, a misura di bambino, che si concretizza anche nel contributo ai progetti di Save the Children. Per le numerose proposte si pu\u00f2 visitare il sito, la <strong><a title=\"Campi avventura su Facebook\" href=\"https:\/\/www.facebook.com\/CampiAvventuraItalia\/\" target=\"_blank\" rel=\"noopener noreferrer\">pagina Facebook<\/a> <\/strong>o contattare una delle tre segreterie (Roma, Milano, Palermo)<br \/>\n<em>Contatti:<\/em><br \/>\nSegreteria di Roma: JuniorPanda Avventure 06 44362315 <a href=\"mailto:panda@pandaavventure.it\" rel=\"nofollow\">panda@pandaavventure.it<\/a><br \/>\nSegreteria di Milano CTiN Viaggi 02 39323388 \u2013 0239314454 <a href=\"mailto:infocampi@ctin-viaggi.eu\" target=\"_blank\" rel=\"nofollow noopener noreferrer\">infocampi@ctin-viaggi.eu<\/a><br \/>\nSegreteria di Palermo Palma Nana Vacanze e Natura 091303417 <a href=\"mailto:info@educazioneambientale.com\" target=\"_blank\" rel=\"nofollow noopener noreferrer\">info@educazioneambientale.com<\/a><\/p>\n<p>&nbsp;<\/p>\n<p>&nbsp;<\/p>\n<p><a href=\"https:\/\/bravitutti.net\/estatebravitutti\/abbasanta-casa-scout-s-martino-pagina\/\" target=\"_blank\" rel=\"noopener\"><strong>Campus EstateBraviTutti 2026<\/strong><\/a><\/p>\n<p>Un&#8217;esperienza di crescita e riscoperta della natura con attivit\u00e0, laboratori, giochi, passeggiate, laboratori di costruzione, animazione serale, con ampio spazio ai desideri e alla creativit\u00e0 di ognuno. Il gruppo sar\u00e0 ospite presso il Maso Bacche di Ginepro, in Val di Rabbi. Alla scoperta del Parco Nazionale dello Stelvio attraversando boschi e percorsi avventurosi. I ragazzi saranno coinvolti nelle attivit\u00e0 di servizio per mantenere lo spazio comune ordinato e pulito. La cucina sar\u00e0 un luogo di grande sperimentazione, dove mettersi alla prova, proporre ed imparare tante nuove ricette: prepareremo pizze, torte, gnocchi, pasta fatta in casa! Ogni sera i ragazzi saranno gli ideatori dell\u2019animazione serale, dalle improvvisazioni teatrali, al cinema all\u2019aperto, ai giochi di squadra, alle passeggiate notturne<\/p>\n<p>INFO: 349 4258931<br \/>\nEMAIL: <a href=\"mailto:estatebravitutti@gmail.com\" target=\"_blank\" rel=\"nofollow noopener\">estatebravitutti@gmail.com<\/a><\/p>\n<p>&nbsp;<\/p>\n<p>&nbsp;<\/p>\n<p><a href=\"https:\/\/www.experiencecamp.it\/\" target=\"_blank\" rel=\"noopener\"><strong>Experience Summer Camp 2026<\/strong><\/a><\/p>\n<p>Natura, sport, relax e divertimento: tutto questo e molto pi\u00f9 lo trovi negli Experience Summer Camp (ex Gazzetta Summer Camp), che dal 1985 offrono campi sportivi e tematici, agonistici e non, per giovani dai 6 ai 21 anni. Possibile anche la formula del DAY CAMP che prevede la partecipazione a tutte le attivit\u00e0 giornaliere (ore 9.00-19.00, pranzo compreso) con l\u2019esclusione di colazione, cena e pernottamento. Moltissime le proposte che comprendono:<br \/>\n1. <a href=\"https:\/\/www.experiencecamp.it\/camp\/camp-multisport\/multisport-in-montagna\/\" target=\"_blank\" rel=\"noopener\">Camp Multisport<\/a>, con oltre 25 discipline sportive all\u2019insegna dello sport e del divertimento, fascia di et\u00e0: 6-17 anni<br \/>\n2. <a href=\"https:\/\/www.experiencecamp.it\/i-camp-tematici\/\" target=\"_blank\" rel=\"noopener\">Camp Tematici<\/a>, una vacanza in cui vivere le proprie passioni: dalla musica alla danza, dall\u2019arte alla fotografia, dalle lingue straniere alla cucina e altro ancora, fascia di et\u00e0: 6-21 anni<br \/>\n3. <a href=\"https:\/\/www.experiencecamp.it\/i-camp-tecnici\/\" target=\"_blank\" rel=\"noopener\">Camp Tecnici<\/a>, dedicati ad una sola disciplina sportiva, fascia di et\u00e0: 6-19 anni<\/p>\n<p>Per informazioni sulle date di svolgimento e la tipologia di camp presso le singole location si consiglia di visitare il sito web e di richiedere il catalogo, oppure di cliccare sulle singole localit\u00e0: 3 le location: \u2022 <a href=\"https:\/\/www.experiencecamp.it\/locality\/montagna\/val-di-sole\/\" target=\"_blank\" rel=\"noopener\">Val di Sole<\/a> \u2022 <a href=\"https:\/\/www.experiencecamp.it\/locality\/montagna\/val-di-fassa\/\" target=\"_blank\" rel=\"noopener\">Val di Fassa<\/a>, \u2022 <a href=\"https:\/\/www.experiencecamp.it\/locality\/montagna\/val-di-fiemme\/\" target=\"_blank\" rel=\"noopener\">Val di Fiemme<\/a><\/p>\n<p>PER CHI: bambini e ragazzi dai 6 ai 21 anni<br \/>\nINFO e ISCRIZIONI: 0331 333724<br \/>\nEMAIL: <a href=\"mailto:info@xpcamp.it\" target=\"_blank\" rel=\"nofollow noopener\">info@xpcamp.it<\/a><\/p>\n<p>&nbsp;<\/p>\n<p>&nbsp;<\/p>\n<p><strong><a href=\"https:\/\/intersummercamp.it\/camps\/residential-camp\/residential-camp-trentino-monte-baldo\/\" target=\"_blank\" rel=\"noopener\">Inter Summer Camp Monte Baldo 2026<\/a><\/strong><\/p>\n<p>Nel Parco Naturale del Monte Baldo un <a href=\"https:\/\/intersummercamp.it\/camps\/residential-camp\/\" target=\"_blank\" rel=\"noopener\">Residential Camp<\/a> targato nero azzurro: i ragazzi potranno confrontarsi e migliorarsi con i migliori istruttori del Settore Giovanile dell\u2019Inter, per un\u2019esperienza altamente formativa, non solo dal punto di vista sportivo, ma anche dal punto di vista umano. Il Camp \u00e8 un\u2019occasione unica per migliorare le proprie capacit\u00e0 calcistiche, ma anche per stringere nuove e vere amicizie in un clima di tranquillit\u00e0 e sicurezza. Oltre ai 2 allenamenti giornalieri, i partecipanti potranno cimentarsi, a scelta, nelle seguenti attivit\u00e0: Tennis &#8211; Basket &#8211; Golf &#8211; Arrampicata &#8211; Tiro con l&#8217;Arco &#8211; Equitazione &#8211; Pallavolo &#8211; Crazy Jump &#8211; Chitarra &#8211; Animazione e partecipare a lezioni di inglese con insegnanti madrelingua. Sar\u00e0 attivo il programma \u201cRicerca del Talento\u201d: ogni allievo potr\u00e0 partecipare a valutazioni tecnico-funzionali volte alla verifica delle capacit\u00e0. Prevista anche una gita al parco di divertimenti Gardaland e un esclusivo tour allo stadio \u201cGiuseppe Meazza\u201d di San Siro.<\/p>\n<p>Per aggiornamenti consultare la <a href=\"https:\/\/www.facebook.com\/intersummercamp\" target=\"_blank\" rel=\"noopener noreferrer\">pagina Facebook.<\/a><\/p>\n<p>Contatti: 02 87253332<br \/>\nEMAIL: <a href=\"mailto:info@intersummercamp.it\" target=\"_blank\" rel=\"noopener noreferrer\">info@intersummercamp.it<\/a><\/p>\n<p>&nbsp;<\/p>\n<p>&nbsp;<\/p>\n<p><a href=\"https:\/\/www.holidaysystem.it\/\" target=\"_blank\" rel=\"nofollow noopener noreferrer\"><strong>Holiday System &#8211; Campi Estivi in Trentino 2026 a Polsa di Bretonico<\/strong><\/a><\/p>\n<p><a href=\"https:\/\/www.holidaysystem.it\/\" target=\"_blank\" rel=\"nofollow noopener noreferrer\">Holiday System<\/a> organizza e gestisce campi estivi di vacanza, a carattere ludico-sportivo, per giovani dai 7 ai 17 anni in Italia (in strutture alberghiere in Trentino) e all\u2019estero. Un&#8217;occasione per dedicarsi a sport, attivit\u00e0 ricreative e ludiche, corsi di lingua. Hotel, college e strutture per l\u2019ospitalit\u00e0 dei ragazzi sono sempre d\u2019eccellenza per offrire sempre massimi standard qualitativi. Lo staff \u00e8 altamente qualificato al fine di garantire massima assistenza. Queste le proposte per il Trentino:<\/p>\n<p>\u2022 <a href=\"https:\/\/www.holidaysystem.it\/projects-archive\/trentino-adventure-camp\/\" target=\"_blank\" rel=\"noopener noreferrer\">Trentino Adventure Camp <\/a>&#8211; 7-17 anni<br \/>\n\u2022 <a href=\"https:\/\/www.holidaysystem.it\/projects-archive\/polsa-summer-camp\/\" target=\"_blank\" rel=\"noopener noreferrer\">Trentino Sport&amp;Tennis Camp<\/a> 7-17 anni<br \/>\n\u2022 <a href=\"https:\/\/www.holidaysystem.it\/projects-archive\/trentino-english-camp\/\" target=\"_blank\" rel=\"noopener noreferrer\">Trentino English Camp<\/a> 11-17 anni<\/p>\n<p>Contatti: +39 0464-423854<br \/>\nEMAIL: <a href=\"mailto:info@holidaysystem.it\">info@holidaysystem.it<\/a><\/p>\n<p>&nbsp;<\/p>\n<p>&nbsp;<\/p>\n<p><a href=\"http:\/\/www.folgariabasketballcamp.it\/#\"><strong>Folgaria Basketball Camp 2026<\/strong><\/a><\/p>\n<p>A Folgaria ritorna la 36^ edizione del Basketball Camp, all\u2019insegna del basket, sport, natura e divertimento. Nato nel 1988 con la finalit\u00e0 di promuovere e sviluppare l\u2019attivit\u00e0 estiva di basket giovanile, dalla passione di <a href=\"https:\/\/www.folgariabasketballcamp.it\/il-saluto-di-renatone\/\" target=\"_blank\" rel=\"noopener noreferrer\">Renato Villalta<\/a>, Campione del Basket Italiano e di Renato Caroli, allenatore professionista:<br \/>\ntanto basket, con allenamenti, lezioni e tornei, ma non solo, anche calcetto, nuoto, equitazione, minigolf, mountain bike, tiro con l\u2019arco e fitness per i pi\u00f9 grandi. Per aggiornamenti consultare la pagina <a href=\"https:\/\/www.facebook.com\/folgariabasketcamp\/\" target=\"_blank\" rel=\"noopener noreferrer\">Facebook<\/a><\/p>\n<p>INFO: 0545 900547<br \/>\nEMAIL: <a href=\"mailto:renatone.fbc@gmail.com\" target=\"_blank\" rel=\"noopener noreferrer\">renatone.fbc@gmail.com\u00a0<\/a><\/p>\n<p>&nbsp;<\/p>\n<p>&nbsp;<\/p>\n<p><a href=\"https:\/\/summercampenglish.it\/activities\/val-di-sole\/\" target=\"_blank\" rel=\"noopener\"><strong>SUMMER CAMP SPORT&amp;ENGLISH 2026 Val di Sole &#8211; Country Language School<\/strong><\/a><\/p>\n<p>Una proposta della<a href=\"https:\/\/summercampenglish.it\/chi-siamo\/\" target=\"_blank\" rel=\"noopener noreferrer\"> Country Language School:<\/a> una settimana dedicata ai pi\u00f9 piccoli, o a chi vive per la prima volta una vacanza da soli, che si svolger\u00e0 nella Val di Sole, al confine con la Lombardia. Alla mattina English Lab indoor e outdoor, al pomeriggio arrampicata, trekking, orienteering, dodgeball e giornata multisport. Con trattamento di pensione completa. Viaggio con bus privato da Milano<\/p>\n<p>INFO: 02 90390876<br \/>\nEMAIL:<a href=\"mailto:info@countrylanguageschool.it\" target=\"_blank\" rel=\"noopener noreferrer\"> info@countrylanguageschool.it<\/a><\/p>\n<p>&nbsp;<\/p>\n<p><em>In via di definizione:<\/em><\/p>\n<p><a href=\"https:\/\/www.promosmilancamp.it\/pinzolo\" target=\"_blank\" rel=\"noopener\"><strong>Milan Junior Camp Pinzolo 2025<\/strong><\/a><\/p>\n<p>Vacanze estive ufficiali dell\u2019ACMilan: una settimana all\u2019insegna di tanto calcio e divertimento, con allenamenti, tornei, giochi, passeggiate, tutto targato rosso nero. Gli allenamenti si svolgeranno presso lo Stadio il Campo Sportivo di Carisolo in viale Trento a Pinzolo, sotto la guida dei Tecnici AC Milan. Proposte 3 formule: Full Camp (con pernottamento in hotel), Day Camp (allenamenti giornata intera 9-18, senza pernottamento) e Half Camp (allenamento mezza giornata). Sono previste specifiche sedute giornaliere dedicate ai Portieri, che permetteranno ai ragazzi di svolgere esercitazioni coinvolgenti, studiate per affinare le capacit\u00e0 tecniche proprie del ruolo grazie agli insegnamenti degli allenatori dell\u2019AC Milan. Per aggiornamenti visitate anche la pagina<a href=\"https:\/\/www.facebook.com\/promosmilanjuniorcamp\" target=\"_blank\" rel=\"noopener\">Facebook<\/a><\/p>\n<p>INFO: 02 38259580<br \/>\nEMAIL: <a href=\"mailto:info@promositalia.it\" target=\"_blank\" rel=\"nofollow noopener\">info@promositalia.it<\/a><\/p>\n<p>&nbsp;<\/p>\n<p>&nbsp;<\/p>\n<p>&nbsp;<\/p>\n<p><a href=\"https:\/\/www.filastrocche.it\/feste\/campi-estivi-per-ragazzi\/\"><img loading=\"lazy\" decoding=\"async\" width=\"150\" height=\"169\" class=\"alignnone wp-image-14317 size-full\" src=\"https:\/\/www.filastrocche.it\/feste\/wp-content\/uploads\/2012\/08\/vacanze_scuole_estive_italia-150.jpg\" alt=\"vacanze_scuole_estive_italia-150\"   \/><\/a><strong><a title=\"Seleziona i Campi Estivi di un'altra regione\" href=\"https:\/\/www.filastrocche.it\/feste\/campi-estivi-per-ragazzi\/\"><br \/>\nSeleziona i Campi Estivi in un&#8217;altra regione<\/a><\/strong><\/p>\n<p><a href=\"https:\/\/www.filastrocche.it\/feste\/campi-di-pasqua\/\"><img loading=\"lazy\" decoding=\"async\" width=\"150\" height=\"110\" class=\"alignnone wp-image-17477 size-full\" title=\"Campi di Pasqua\" src=\"https:\/\/www.filastrocche.it\/feste\/wp-content\/uploads\/2014\/05\/pasqua-bambini-con-uova-150.jpg\" alt=\"Campi di Pasqua\"   \/><\/a><br \/>\nEcco una selezione dei migliori <a href=\"https:\/\/www.filastrocche.it\/feste\/campi-di-pasqua\/\"><strong>Campi di Pasqua<\/strong><\/a>!<\/p>\n<p><a href=\"https:\/\/www.filastrocche.it\/feste\/campi-invernali\/\"><img loading=\"lazy\" decoding=\"async\" width=\"150\" height=\"122\" class=\"alignnone wp-image-16409 size-full\" title=\"Campi di Pasqua\" src=\"https:\/\/www.filastrocche.it\/feste\/wp-content\/uploads\/2014\/05\/bambini-nella-neve-150.jpg\" alt=\"Campi di Pasqua\"   \/><\/a><br \/>\nEcco una selezione dei migliori <a href=\"https:\/\/www.filastrocche.it\/feste\/campi-invernali\/\"><strong>Campi invernali o di Natale<\/strong><\/a><\/p>\n<p><a href=\"https:\/\/www.filastrocche.it\/feste\/c\/vacanze\/\"><img decoding=\"async\" src=\"https:\/\/www.filastrocche.it\/feste\/wp-content\/uploads\/2012\/08\/viva_vacanze1.gif\" alt=\"viva_vacanze\"   \/><\/a><br \/>\n<strong><a href=\"https:\/\/www.filastrocche.it\/feste\/c\/vacanze\/\">Visita lo Speciale Vacanze<\/a><\/strong><\/p>\n","protected":false},"excerpt":{"rendered":"<p>Cosa far fare ai ragazzi nelle vacanze? Ecco i Campi estivi in Trentino Alto Adige Ecco una panoramica su Campi estivi per ragazzi e bambini, scuole, centri, laboratori, soggiorni, attivit\u00e0 selezionati nella regione Trentino Alto Adige. Un&#8217;insieme di suggerimenti per un&#8217;estate piena di sport, lingue (come l&#8217;inglese), natura e tanto sano divertimento! Se desiderate segnalarci [&hellip;]<\/p>\n","protected":false},"author":5,"featured_media":4597,"comment_status":"open","ping_status":"open","sticky":false,"template":"","format":"standard","meta":{"footnotes":""},"categories":[467,11],"tags":[533,531,483,985,981,489,975,979,977,479,465,475,871,487,987,485,991,477,989,529,447,983],"sponsors":[],"class_list":["post-4595","post","type-post","status-publish","format-standard","has-post-thumbnail","hentry","category-intrattenimento-estivo","category-vacanze","tag-adige","tag-alto","tag-bambini","tag-basket","tag-calcio","tag-campi","tag-campo","tag-centri","tag-centro","tag-estive","tag-estivi","tag-estivo","tag-inglese","tag-laboratori","tag-natura","tag-ragazzi","tag-scuola-2","tag-scuole","tag-soggiorni","tag-trentino","tag-vacanze-2","tag-wwf"],"yoast_head":"<!-- This site is optimized with the Yoast SEO plugin v26.2 - https:\/\/yoast.com\/wordpress\/plugins\/seo\/ -->\n<title>Campi estivi per ragazzi: scuole, centri, laboratori, soggiorni<\/title>\n<meta name=\"description\" content=\"Campi estivi per ragazzi: scuole centri laboratori soggiorni in Trentino Alto Adige, per un&#039;estate piena di sport inglese natura divertimento\" \/>\n<meta name=\"robots\" content=\"index, follow, max-snippet:-1, max-image-preview:large, max-video-preview:-1\" \/>\n<link rel=\"canonical\" href=\"https:\/\/www.filastrocche.it\/feste\/campi-estivi-per-ragazzi-in-trentino-alto-adige\/\" \/>\n<meta property=\"og:locale\" content=\"it_IT\" \/>\n<meta property=\"og:type\" content=\"article\" \/>\n<meta property=\"og:title\" content=\"Campi estivi per ragazzi: scuole, centri, laboratori, soggiorni\" \/>\n<meta property=\"og:description\" content=\"Campi estivi per ragazzi: scuole centri laboratori soggiorni in Trentino Alto Adige, per un&#039;estate piena di sport inglese natura divertimento\" \/>\n<meta property=\"og:url\" content=\"https:\/\/www.filastrocche.it\/feste\/campi-estivi-per-ragazzi-in-trentino-alto-adige\/\" \/>\n<meta property=\"og:site_name\" content=\"Filastrocche.it\" \/>\n<meta property=\"article:author\" content=\"http:\/\/www.facebook.com\/jolanda.restano\" \/>\n<meta property=\"article:published_time\" content=\"2012-08-05T19:12:22+00:00\" \/>\n<meta property=\"article:modified_time\" content=\"2026-04-01T14:15:49+00:00\" \/>\n<meta property=\"og:image\" content=\"https:\/\/www.filastrocche.it\/feste\/wp-content\/uploads\/2012\/08\/vacanze_scuole_estive_bambini17.jpg\" \/>\n\t<meta property=\"og:image:width\" content=\"350\" \/>\n\t<meta property=\"og:image:height\" content=\"107\" \/>\n\t<meta property=\"og:image:type\" content=\"image\/jpeg\" \/>\n<meta name=\"author\" content=\"Jolanda\" \/>\n<meta name=\"twitter:label1\" content=\"Scritto da\" \/>\n\t<meta name=\"twitter:data1\" content=\"Jolanda\" \/>\n\t<meta name=\"twitter:label2\" content=\"Tempo di lettura stimato\" \/>\n\t<meta name=\"twitter:data2\" content=\"9 minuti\" \/>\n<!-- \/ Yoast SEO plugin. -->","yoast_head_json":{"title":"Campi estivi per ragazzi: scuole, centri, laboratori, soggiorni","description":"Campi estivi per ragazzi: scuole centri laboratori soggiorni in Trentino Alto Adige, per un'estate piena di sport inglese natura divertimento","robots":{"index":"index","follow":"follow","max-snippet":"max-snippet:-1","max-image-preview":"max-image-preview:large","max-video-preview":"max-video-preview:-1"},"canonical":"https:\/\/www.filastrocche.it\/feste\/campi-estivi-per-ragazzi-in-trentino-alto-adige\/","og_locale":"it_IT","og_type":"article","og_title":"Campi estivi per ragazzi: scuole, centri, laboratori, soggiorni","og_description":"Campi estivi per ragazzi: scuole centri laboratori soggiorni in Trentino Alto Adige, per un'estate piena di sport inglese natura divertimento","og_url":"https:\/\/www.filastrocche.it\/feste\/campi-estivi-per-ragazzi-in-trentino-alto-adige\/","og_site_name":"Filastrocche.it","article_author":"http:\/\/www.facebook.com\/jolanda.restano","article_published_time":"2012-08-05T19:12:22+00:00","article_modified_time":"2026-04-01T14:15:49+00:00","og_image":[{"width":350,"height":107,"url":"https:\/\/www.filastrocche.it\/feste\/wp-content\/uploads\/2012\/08\/vacanze_scuole_estive_bambini17.jpg","type":"image\/jpeg"}],"author":"Jolanda","twitter_misc":{"Scritto da":"Jolanda","Tempo di lettura stimato":"9 minuti"},"schema":{"@context":"https:\/\/schema.org","@graph":[{"@type":"WebPage","@id":"https:\/\/www.filastrocche.it\/feste\/campi-estivi-per-ragazzi-in-trentino-alto-adige\/","url":"https:\/\/www.filastrocche.it\/feste\/campi-estivi-per-ragazzi-in-trentino-alto-adige\/","name":"Campi estivi per ragazzi: scuole, centri, laboratori, soggiorni","isPartOf":{"@id":"https:\/\/www.filastrocche.it\/feste\/#website"},"primaryImageOfPage":{"@id":"https:\/\/www.filastrocche.it\/feste\/campi-estivi-per-ragazzi-in-trentino-alto-adige\/#primaryimage"},"image":{"@id":"https:\/\/www.filastrocche.it\/feste\/campi-estivi-per-ragazzi-in-trentino-alto-adige\/#primaryimage"},"thumbnailUrl":"https:\/\/www.filastrocche.it\/feste\/wp-content\/uploads\/2012\/08\/vacanze_scuole_estive_bambini17.jpg","datePublished":"2012-08-05T19:12:22+00:00","dateModified":"2026-04-01T14:15:49+00:00","author":{"@id":"https:\/\/www.filastrocche.it\/feste\/#\/schema\/person\/13a7995b740342851d3a3c001f9dd658"},"description":"Campi estivi per ragazzi: scuole centri laboratori soggiorni in Trentino Alto Adige, per un'estate piena di sport inglese natura divertimento","breadcrumb":{"@id":"https:\/\/www.filastrocche.it\/feste\/campi-estivi-per-ragazzi-in-trentino-alto-adige\/#breadcrumb"},"inLanguage":"it-IT","potentialAction":[{"@type":"ReadAction","target":["https:\/\/www.filastrocche.it\/feste\/campi-estivi-per-ragazzi-in-trentino-alto-adige\/"]}]},{"@type":"ImageObject","inLanguage":"it-IT","@id":"https:\/\/www.filastrocche.it\/feste\/campi-estivi-per-ragazzi-in-trentino-alto-adige\/#primaryimage","url":"https:\/\/www.filastrocche.it\/feste\/wp-content\/uploads\/2012\/08\/vacanze_scuole_estive_bambini17.jpg","contentUrl":"https:\/\/www.filastrocche.it\/feste\/wp-content\/uploads\/2012\/08\/vacanze_scuole_estive_bambini17.jpg","width":"350","height":"107"},{"@type":"BreadcrumbList","@id":"https:\/\/www.filastrocche.it\/feste\/campi-estivi-per-ragazzi-in-trentino-alto-adige\/#breadcrumb","itemListElement":[{"@type":"ListItem","position":1,"name":"Home","item":"https:\/\/www.filastrocche.it\/feste\/"},{"@type":"ListItem","position":2,"name":"Campi estivi per ragazzi: scuole, centri, laboratori, soggiorni e attivit\u00e0 in Trentino Alto Adige"}]},{"@type":"WebSite","@id":"https:\/\/www.filastrocche.it\/feste\/#website","url":"https:\/\/www.filastrocche.it\/feste\/","name":"Filastrocche.it","description":"Festeggiamo in famiglia","potentialAction":[{"@type":"SearchAction","target":{"@type":"EntryPoint","urlTemplate":"https:\/\/www.filastrocche.it\/feste\/?s={search_term_string}"},"query-input":{"@type":"PropertyValueSpecification","valueRequired":true,"valueName":"search_term_string"}}],"inLanguage":"it-IT"},{"@type":"Person","@id":"https:\/\/www.filastrocche.it\/feste\/#\/schema\/person\/13a7995b740342851d3a3c001f9dd658","name":"Jolanda","image":{"@type":"ImageObject","inLanguage":"it-IT","@id":"https:\/\/www.filastrocche.it\/feste\/#\/schema\/person\/image\/","url":"https:\/\/secure.gravatar.com\/avatar\/1b1f38df48384d8f75481e92c0cbf9e3494d37f3cf35cd02b0f5cba7d63f7349?s=96&d=mm&r=g","contentUrl":"https:\/\/secure.gravatar.com\/avatar\/1b1f38df48384d8f75481e92c0cbf9e3494d37f3cf35cd02b0f5cba7d63f7349?s=96&d=mm&r=g","caption":"Jolanda"},"sameAs":["http:\/\/www.facebook.com\/jolanda.restano","https:\/\/x.com\/jolandarestano"],"url":"https:\/\/www.filastrocche.it\/feste\/author\/jolanda\/"}]}},"_links":{"self":[{"href":"https:\/\/www.filastrocche.it\/feste\/wp-json\/wp\/v2\/posts\/4595","targetHints":{"allow":["GET"]}}],"collection":[{"href":"https:\/\/www.filastrocche.it\/feste\/wp-json\/wp\/v2\/posts"}],"about":[{"href":"https:\/\/www.filastrocche.it\/feste\/wp-json\/wp\/v2\/types\/post"}],"author":[{"embeddable":true,"href":"https:\/\/www.filastrocche.it\/feste\/wp-json\/wp\/v2\/users\/5"}],"replies":[{"embeddable":true,"href":"https:\/\/www.filastrocche.it\/feste\/wp-json\/wp\/v2\/comments?post=4595"}],"version-history":[{"count":4,"href":"https:\/\/www.filastrocche.it\/feste\/wp-json\/wp\/v2\/posts\/4595\/revisions"}],"predecessor-version":[{"id":33291,"href":"https:\/\/www.filastrocche.it\/feste\/wp-json\/wp\/v2\/posts\/4595\/revisions\/33291"}],"wp:featuredmedia":[{"embeddable":true,"href":"https:\/\/www.filastrocche.it\/feste\/wp-json\/wp\/v2\/media\/4597"}],"wp:attachment":[{"href":"https:\/\/www.filastrocche.it\/feste\/wp-json\/wp\/v2\/media?parent=4595"}],"wp:term":[{"taxonomy":"category","embeddable":true,"href":"https:\/\/www.filastrocche.it\/feste\/wp-json\/wp\/v2\/categories?post=4595"},{"taxonomy":"post_tag","embeddable":true,"href":"https:\/\/www.filastrocche.it\/feste\/wp-json\/wp\/v2\/tags?post=4595"},{"taxonomy":"sponsors","embeddable":true,"href":"https:\/\/www.filastrocche.it\/feste\/wp-json\/wp\/v2\/sponsors?post=4595"}],"curies":[{"name":"wp","href":"https:\/\/api.w.org\/{rel}","templated":true}]}}