{"id":8559,"date":"2013-02-20T20:40:50","date_gmt":"2013-02-20T20:40:50","guid":{"rendered":"https:\/\/www.filastrocche.it\/feste\/?p=8559"},"modified":"2018-02-20T18:18:15","modified_gmt":"2018-02-20T17:18:15","slug":"idee-regalo-fai-da-te-per-la-festa-del-papa","status":"publish","type":"post","link":"https:\/\/www.filastrocche.it\/feste\/idee-regalo-fai-da-te-per-la-festa-del-papa\/","title":{"rendered":"Idee regalo per la Festa del Pap\u00e0"},"content":{"rendered":"<p><a href=\"https:\/\/www.filastrocche.it\/feste\/wp-content\/uploads\/2013\/02\/mistrali-fetsa-papa-pipa-350.jpg\"><img loading=\"lazy\" decoding=\"async\" width=\"350\" height=\"302\" class=\"aligncenter wp-image-8565 size-full\" title=\"Idee regalo per la Festa del Pap\u00e0\" src=\"https:\/\/www.filastrocche.it\/feste\/wp-content\/uploads\/2013\/02\/mistrali-fetsa-papa-pipa-350.jpg\" alt=\"Idee regalo per la Festa del Pap\u00e0\" srcset=\"https:\/\/www.filastrocche.it\/feste\/wp-content\/uploads\/2013\/02\/mistrali-fetsa-papa-pipa-350.jpg 350w, https:\/\/www.filastrocche.it\/feste\/wp-content\/uploads\/2013\/02\/mistrali-fetsa-papa-pipa-350-300x258.jpg 300w\" sizes=\"auto, (max-width: 350px) 100vw, 350px\" \/><\/a><\/p>\n<h2>Hai bisogno di Idee regalo per la Festa del Pap\u00e0?<\/h2>\n<p>Ecco una serie di <strong>Idee regalo per la Festa del Pap\u00e0<\/strong>.<br \/>\nTutti regali fai da te adatti da donare nel giorno della sua festa.<\/p>\n<p>Ce ne sono di molto facili, da realizzare insieme a bambini molto piccoli. E ce sono anche di pi\u00f9 elaborati adatti a bambini pi\u00f9 grandicelli. In questo modo potete scegliere anche in base alle abilit\u00e0 creative dei vostri bambini e realizzare il regalo insieme a loro sar\u00e0 bellissimo!<\/p>\n<p>Scegliete quello che fa per voi e divertitevi a realizzare il dono con le vostre mani: vedrete come sar\u00e0 contento il pap\u00e0 di riceverlo il 19 marzo!<\/p>\n<p>Le nostre <strong>Idee regalo per la Festa del Pap\u00e0<\/strong>, sono tutte creazioni da fare con materiale povero o di riciclo per cui non dovrete spendere troppo nella realizzazione del dono per il pap\u00e0. Nello stesso tempo sono tutte idee originali e d&#8217;effetto e quindi di sicuro successo! \ud83d\ude42<\/p>\n<h3>Ecco le<strong> Idee regalo per la Festa del Pap\u00e0<\/strong> disponibili:<\/h3>\n<ul>\n<li><a title=\"Biglietto d'auguri a forma di cellulare\" href=\"https:\/\/www.filastrocche.it\/contenuti\/biglietto-dauguri-a-forma-di-cellulare\/\"><strong>Biglietto d&#8217;auguri a forma di cellulare<\/strong><\/a><\/li>\n<li><strong><a title=\"Biglietto d'auguri con segnalibro \" href=\"https:\/\/www.filastrocche.it\/contenuti\/biglietto-dauguri-con-segnalibro\/\">Biglietto d&#8217;auguri con segnalibro<\/a><\/strong><\/li>\n<li><strong><a href=\"https:\/\/www.filastrocche.it\/contenuti\/come-creare-un-simpatico-biglietto-per-la-festa-del-papa-in-3d\/\">Biglietto di Auguri in 3D<\/a><\/strong><\/li>\n<li><strong><a title=\"Biglietto d'auguri portafotografie o disegno\" href=\"https:\/\/www.filastrocche.it\/feste\/biglietto-di-auguri-portafotografia-o-disegno\/\">Biglietto d&#8217;auguri pirtafotografie o disegno<\/a><\/strong><\/li>\n<li><strong><a title=\"Biscotti per il Pap\u00e0\" href=\"https:\/\/www.filastrocche.it\/contenuti\/biscotti-per-il-papa\/\">Biscotti per il Pap\u00e0<\/a><\/strong><\/li>\n<li><strong><a title=\"Casetta con le finestrelle\" href=\"https:\/\/www.filastrocche.it\/feste\/la-casetta-con-le-finestrelle\/\">Casetta con le finestrelle<\/a><\/strong><\/li>\n<li><strong><a title=\"Corona da Re\" href=\"https:\/\/www.filastrocche.it\/contenuti\/corona-da-re\/\">Corona da Re<\/a><\/strong><\/li>\n<li><strong><a title=\"Corona da Re del Giorno\" href=\"https:\/\/www.filastrocche.it\/feste\/per-festa-papa-corona-da-re-del-giorno\/\">Corona da Re del Giorno<\/a><\/strong><\/li>\n<li><strong><a title=\"Cravatta con la filastrocca\" href=\"https:\/\/www.filastrocche.it\/feste\/idea-regalo-per-la-festa-del-papa-la-cravatta-con-la-filastrocca\/\">Cravatta con la filastrocca<\/a><\/strong><\/li>\n<li><strong><a title=\"Cravatta da Indossare\" href=\"https:\/\/www.filastrocche.it\/feste\/idea-regalo-fai-da-te-per-la-festa-del-papa-cravatta-da-indossare\/\">Cravatta da indossare<\/a><\/strong><\/li>\n<li><strong><a title=\"Dammi una mano!\" href=\"https:\/\/www.filastrocche.it\/contenuti\/dammi-una-mano\/\">Dammi una mano!<\/a><\/strong><\/li>\n<li><strong><a title=\"Diploma Pap\u00e0 migliore del mondo\" href=\"https:\/\/www.filastrocche.it\/feste\/diplomi\/\">Diploma Pap\u00e0 Migliore del Mondo<\/a><\/strong><\/li>\n<li><strong><a title=\"Diploma World\u2019s Best Daddy\" href=\"https:\/\/www.filastrocche.it\/feste\/idea-regalo-per-la-festa-del-papa-diploma-worlds-best-daddy\/\">Diploma World\u2019s Best Daddy<\/a><\/strong><\/li>\n<li><strong><a title=\"Disco orario\" href=\"https:\/\/www.filastrocche.it\/feste\/disco-orario-per-la-festa-del-papa\/\">Disco orario<\/a><\/strong><\/li>\n<li><strong><a href=\"https:\/\/www.filastrocche.it\/contenuti\/disco-orario-di-kermit\/\">Disco orario di Kermit<\/a><\/strong><\/li>\n<li><strong><a title=\"Disco orario fai da te\" href=\"https:\/\/www.filastrocche.it\/contenuti\/lavoretti-festa-del-papa-il-disco-orario-fai-da-te\/\">Disco orario fai da te<\/a><\/strong><\/li>\n<li><strong><a title=\"Etichette per regali e bigliettini\" href=\"https:\/\/www.filastrocche.it\/feste\/decorazioni-per-la-festa-del-papa-etichette-per-regali-e-bigliettini\/\">Etichette per regali e bigliettini<\/a><\/strong><\/li>\n<li><strong><a title=\"Fermacarte con i sassi\" href=\"https:\/\/www.filastrocche.it\/contenuti\/fermacarte-con-i-sassi\/\">Fermacarte con i sassi<\/a><\/strong><\/li>\n<li><strong><a href=\"https:\/\/www.filastrocche.it\/contenuti\/idea-regalo-fai-da-te-per-la-festa-del-papa-il-finto-barattolo-di-caramelle\/\">Finto barattolo di caramelle<\/a><\/strong><\/li>\n<li><strong><a title=\"Gilet decorativo per bottiglia\" href=\"https:\/\/www.filastrocche.it\/contenuti\/gilet-decorativo-per-bottiglia\/\">Gilet decorativo per bottiglia<\/a><\/strong><\/li>\n<li><strong><a title=\"Il mio Pap\u00e0 in una pagina\" href=\"https:\/\/www.filastrocche.it\/feste\/idea-regalo-per-la-festa-del-papa-il-mio-papa-in-una-pagina\/\">Il mio Pap\u00e0 in una pagina<\/a><\/strong><\/li>\n<li><strong><a title=\"Kit da tavola per il SuperPap\u00e0\" href=\"https:\/\/www.filastrocche.it\/feste\/decorazioni-per-la-festa-del-papa-il-kit-da-tavola-per-il-superpapa\/\">Kit da tavola per il SuperPap\u00e0<\/a><\/strong><\/li>\n<li><strong><a title=\"Kit di sopravvivenza per il Pap\u00e0\" href=\"https:\/\/www.filastrocche.it\/contenuti\/kit-di-sopravvivenza-per-il-papa\/\">Kit di sopravvivenza per il Pap\u00e0<\/a><\/strong><\/li>\n<li><strong><a title=\"Pacchetto regalo per il pap\u00e0\" href=\"https:\/\/www.filastrocche.it\/contenuti\/festa-del-papa-lavoretti-come-fare-il-pacchetto-regalo\/\">Pacchetto regalo per il pap\u00e0<\/a><\/strong><\/li>\n<li><strong><a title=\"Paralume\" href=\"https:\/\/www.filastrocche.it\/contenuti\/paralume\/\">Paralume<\/a><\/strong><\/li>\n<li><strong><a title=\"Penna a sfera decorata \" href=\"https:\/\/www.filastrocche.it\/contenuti\/penna-a-sfera-decorata\/\">Penna a sfera decorata<\/a><\/strong><\/li>\n<li><strong><a title=\"Poesie in cornice per la Festa del Pap\u00e0\" href=\"https:\/\/www.filastrocche.it\/feste\/idea-regalo-per-la-festa-del-papa-poesie-in-cornice\/\">Poesie in cornice<\/a><\/strong><\/li>\n<li><strong><a href=\"https:\/\/www.filastrocche.it\/contenuti\/regalo-fai-da-te-per-la-festa-del-papa-il-portachiavi-in-gomma-crepla\/\">Portachiavi in gomma crepla<\/a><\/strong><\/li>\n<li><strong><a title=\"Portacupcake per la Festa del Pap\u00e0\" href=\"https:\/\/www.filastrocche.it\/feste\/portacupcake-per-la-festa-del-papa\/\">Portacupcake per la Festa del Pap\u00e0<\/a><\/strong><\/li>\n<li><strong><a title=\"Portafazzoletti con le casette di Filastrocche.it\" href=\"https:\/\/www.filastrocche.it\/feste\/i-portafazzoletti\/\">Portafazzoletti<\/a><\/strong><\/li>\n<li><strong><a title=\"Il portafotografie\" href=\"https:\/\/www.filastrocche.it\/feste\/il-portafotografie\/\">Portafotografie<\/a><\/strong><\/li>\n<li><strong><a title=\"Portagiornali\" href=\"https:\/\/www.filastrocche.it\/contenuti\/portagiornali\/\">Portagiornali<\/a><\/strong><\/li>\n<li><strong><a title=\"Portapenne colorato\" href=\"https:\/\/www.filastrocche.it\/contenuti\/portapenne-colorato\/\">Portapenne colorato<\/a><\/strong><\/li>\n<li><strong><a title=\"Sapone alla menta\" href=\"https:\/\/www.filastrocche.it\/contenuti\/sapone-alla-menta\/\">Sapone alla menta<\/a><\/strong><\/li>\n<li><strong><a title=\"Segnalibro per la festa del pap\u00e0 \" href=\"https:\/\/www.filastrocche.it\/contenuti\/segnalibro-per-la-festa-del-papa\/\">Segnalibro per la festa del pap\u00e0<\/a><\/strong><\/li>\n<li><strong><a title=\"Set da scrivania\" href=\"https:\/\/www.filastrocche.it\/contenuti\/set-da-scrivania\/\">Set da scrivania<\/a><\/strong><\/li>\n<li><strong><a href=\"https:\/\/www.filastrocche.it\/feste\/stencil-fai-da-te-papa-runner\/\">Stencil fai da te<\/a><\/strong><\/li>\n<li><strong><a title=\"Svuota tasche\" href=\"https:\/\/www.filastrocche.it\/contenuti\/svuota-tasche\/\">Svuota tasche<\/a><\/strong><\/li>\n<li><a href=\"https:\/\/www.filastrocche.it\/contenuti\/lavoretti-festa-del-papa-la-targhetta-per-la-scrivania\/\"><strong>Targhetta per la scrivania di pap\u00e0<\/strong><\/a><\/li>\n<li><a title=\"Tris di stoffa\" href=\"https:\/\/www.filastrocche.it\/contenuti\/regalo-festa-del-papa-tris-di-stoffa\/\"><strong>Tris di stoffa<\/strong><\/a><\/li>\n<\/ul>\n<p>&nbsp;<\/p>\n<p>&nbsp;<\/p>\n<p><a href=\"https:\/\/www.filastrocche.it\/feste\/lavoretti-per-la-festa-del-papa\/\"><img loading=\"lazy\" decoding=\"async\" width=\"150\" height=\"101\" class=\"alignnone wp-image-16941 size-full\" title=\"Lavoretti per la Festa del Pap\u00e0\" src=\"https:\/\/www.filastrocche.it\/feste\/wp-content\/uploads\/2013\/02\/lavoretti-festa-del-papa-150.jpg\" alt=\"Lavoretti per la Festa del Pap\u00e0\"   \/><\/a><br \/>\nSe state cercando dei <strong><a title=\"Lavoretti per la Festa del Pap\u00e0\" href=\"https:\/\/www.filastrocche.it\/feste\/lavoretti-per-la-festa-del-papa\/\">LAVORETTI per la Festa del Pap\u00e0, cliccate qui<\/a><\/strong>!<\/p>\n<p><a href=\"https:\/\/www.filastrocche.it\/feste\/idee-regalo-fai-da-te-per-la-festa-del-papa\/\"><img loading=\"lazy\" decoding=\"async\" width=\"150\" height=\"140\" class=\"alignnone wp-image-16943 size-full\" title=\"Idee Regalo per la Festa del Pap\u00e0\" src=\"https:\/\/www.filastrocche.it\/feste\/wp-content\/uploads\/2013\/02\/mistrali-festa-papa-regalo-150.jpg\" alt=\"Idee Regalo per la Festa del Pap\u00e0\"   \/><\/a><br \/>\nSe state cercando delle <strong><a title=\"Idee regalo per la Festa del Pap\u00e0\" href=\"https:\/\/www.filastrocche.it\/feste\/idee-regalo-fai-da-te-per-la-festa-del-papa\/\">IDEE REGALO per la Festa del Pap\u00e0, cliccate qui<\/a><\/strong>!<\/p>\n<p>&nbsp;<\/p>\n<p><a href=\"https:\/\/www.filastrocche.it\/feste\/poesie-per-la-festa-del-papa\/\"><img loading=\"lazy\" decoding=\"async\" width=\"150\" height=\"124\" class=\"alignnone wp-image-22489 size-full\" title=\"Poesie per la Festa del Pap\u00e0\" src=\"https:\/\/www.filastrocche.it\/feste\/wp-content\/uploads\/2013\/02\/papa-150.jpg\" alt=\"Poesie per la Festa del Pap\u00e0\"   \/><\/a><br \/>\nPer le migliori <a href=\"https:\/\/www.filastrocche.it\/feste\/poesie-per-la-festa-del-papa\/\"><strong>Poesie per la Festa del Pap\u00e0, cliccate qui<\/strong><\/a>!<\/p>\n<p><a href=\"https:\/\/www.filastrocche.it\/feste\/filastrocche-per-la-festa-del-papa\/\"><img loading=\"lazy\" decoding=\"async\" width=\"150\" height=\"150\" class=\"alignnone wp-image-22509 size-full\" title=\"Filastrocche per la Festa del Pap\u00e0\" src=\"https:\/\/www.filastrocche.it\/feste\/wp-content\/uploads\/2017\/03\/filastrocche-per-la-festa-del-papa-150.jpg\" alt=\"Filastrocche per la Festa del Pap\u00e0\"   \/><\/a><br \/>\nPer le pi\u00f9 belle <a href=\"https:\/\/www.filastrocche.it\/feste\/filastrocche-per-la-festa-del-papa\/\"><strong>Filastrocche per la Festa del Pap\u00e0, cliccate qui<\/strong><\/a>!<\/p>\n<p><a href=\"https:\/\/www.filastrocche.it\/feste\/filastrocche-per-la-festa-del-papa-tradizionali-o-dautore\/\"><img loading=\"lazy\" decoding=\"async\" width=\"150\" height=\"129\" class=\"alignnone wp-image-22497 size-full\" title=\"filastrocche per la Festa del Pap\u00e0\" src=\"https:\/\/www.filastrocche.it\/feste\/wp-content\/uploads\/2013\/02\/mistrali-festa-papa-pipa-150.jpg\" alt=\"filastrocche per la Festa del Pap\u00e0\"   \/><\/a><br \/>\nPer altre <a href=\"https:\/\/www.filastrocche.it\/feste\/filastrocche-per-la-festa-del-papa-tradizionali-o-dautore\/\"><strong>filastrocche per la Festa del Pap\u00e0, cliccate qui<\/strong><\/a>!<\/p>\n<p><a href=\"https:\/\/www.filastrocche.it\/leggiamo\/jolanda-restano-filastrocche-per-la-festa-del-papa\/\"><img loading=\"lazy\" decoding=\"async\" width=\"100\" height=\"168\" class=\"alignnone wp-image-16947 size-full\" title=\"Filastrocche per la Festa del Pap\u00e0\" src=\"https:\/\/www.filastrocche.it\/feste\/wp-content\/uploads\/2013\/02\/mistrali-festa-papa-bimba-100.jpg\" alt=\"Filastrocche per la Festa del Pap\u00e0\"   \/><\/a><br \/>\nSe volete leggere <strong>le filastrocche per il vostro Pap\u00e0<\/strong> <strong><a title=\"Filastrocche per la Festa del Pap\u00e0 di Jolanda Restano\" href=\"https:\/\/www.filastrocche.it\/leggiamo\/jolanda-restano-filastrocche-per-la-festa-del-papa\/\">scritte da Jolanda Restano, cliccate qui!<\/a><\/strong><\/p>\n<p><a href=\"https:\/\/www.filastrocche.it\/feste\/filastrocche-per-la-festa-del-papa-scritte-dagli-utenti-del-sito\/\"><img loading=\"lazy\" decoding=\"async\" width=\"100\" height=\"195\" class=\"alignnone wp-image-16953 size-full\" title=\"Filastrocche per la Festa del Pap\u00e0\" src=\"https:\/\/www.filastrocche.it\/feste\/wp-content\/uploads\/2013\/02\/mistrali-festa-papa-bimbo-100.jpg\" alt=\"Filastrocche per la Festa del Pap\u00e0\"   \/><\/a><br \/>\nSe invece vi interessano le <strong><a title=\"Filastrocche per la Festa del Pap\u00e0 scritte dagli utenti del sito\" href=\"https:\/\/www.filastrocche.it\/feste\/filastrocche-per-la-festa-del-papa-scritte-dagli-utenti-del-sito\/\">filastrocche per la Festa del Pap\u00e0 scritte da voi, cliccate qui<\/a><\/strong>!<\/p>\n<p><a href=\"https:\/\/www.filastrocche.it\/feste\/frasi-per-la-festa-del-papa\/\"><img loading=\"lazy\" decoding=\"async\" width=\"150\" height=\"134\" class=\"alignnone wp-image-22557 size-full\" title=\"Frasi per la Festa del Pap\u00e0\" src=\"https:\/\/www.filastrocche.it\/feste\/wp-content\/uploads\/2017\/03\/frasi-per-la-festa-del-papa-150.jpg\" alt=\"Frasi per la Festa del Pap\u00e0\"   \/><br \/>\n<\/a>Per le pi\u00f9 belle <a href=\"https:\/\/www.filastrocche.it\/feste\/frasi-per-la-festa-del-papa\/\"><strong>Frasi per la Festa del Pap\u00e0, cliccate qui<\/strong><\/a>!<\/p>\n<p>&nbsp;<\/p>\n<p><a href=\"https:\/\/www.filastrocche.it\/feste\/ricette-per-la-festa-del-papa\/\"><img loading=\"lazy\" decoding=\"async\" width=\"120\" height=\"142\" class=\"alignnone wp-image-22531 size-full\" title=\"Ricette per la Festa del Pap\u00e0\" src=\"https:\/\/www.filastrocche.it\/feste\/wp-content\/uploads\/2017\/03\/mistrali-ricette-piatto-pollo-120.jpg\" alt=\"Ricette per la Festa del Pap\u00e0\"   \/><\/a><br \/>\nSe cercate delle <a href=\"https:\/\/www.filastrocche.it\/feste\/ricette-per-la-festa-del-papa\/\"><strong>Ricette per la Festa del Pap\u00e0, cliccate qui<\/strong><\/a>!<\/p>\n<p>&nbsp;<\/p>\n<p><a href=\"https:\/\/www.filastrocche.it\/feste\/speciale-festa-del-papa\/\"><img loading=\"lazy\" decoding=\"async\" width=\"198\" height=\"47\" class=\"alignnone wp-image-8471 size-full\" title=\"Speciale Festa del Pap\u00e0\" src=\"https:\/\/www.filastrocche.it\/feste\/wp-content\/uploads\/2013\/02\/festa_papa.gif\" alt=\"Speciale Festa del Pap\u00e0\"   \/><\/a><br \/>\n<a href=\"https:\/\/www.filastrocche.it\/feste\/speciale-festa-del-papa\/\"><strong>Visita lo Speciale Festa del Pap\u00e0!<\/strong><\/a><\/p>\n","protected":false},"excerpt":{"rendered":"<p>Hai bisogno di Idee regalo per la Festa del Pap\u00e0? Ecco una serie di Idee regalo per la Festa del Pap\u00e0. Tutti regali fai da te adatti da donare nel giorno della sua festa. Ce ne sono di molto facili, da realizzare insieme a bambini molto piccoli. E ce sono anche di pi\u00f9 elaborati adatti [&hellip;]<\/p>\n","protected":false},"author":5,"featured_media":8565,"comment_status":"open","ping_status":"open","sticky":false,"template":"","format":"standard","meta":{"footnotes":""},"categories":[7,341],"tags":[253,853,285,861,299,315,297],"sponsors":[],"class_list":["post-8559","post","type-post","status-publish","format-standard","has-post-thumbnail","hentry","category-festa-del-papa","category-idee-regalo-festa-del-papa","tag-creazioni","tag-fai-da-te","tag-festa","tag-festa-del-papa-2","tag-idee","tag-papa","tag-regalo"],"yoast_head":"<!-- This site is optimized with the Yoast SEO plugin v26.2 - https:\/\/yoast.com\/wordpress\/plugins\/seo\/ -->\n<title>Idee regalo per la Festa del Pap\u00e0 proposte da Filastrocche.it<\/title>\n<meta name=\"description\" content=\"Idee regalo per la Festa del Pap\u00e0: una serie di regali fai da te adatti al Pap\u00e0 nel giorno della sua festa. Da realizzare facilmente, con poca spesa...\" \/>\n<meta name=\"robots\" content=\"index, follow, max-snippet:-1, max-image-preview:large, max-video-preview:-1\" \/>\n<link rel=\"canonical\" href=\"https:\/\/www.filastrocche.it\/feste\/idee-regalo-fai-da-te-per-la-festa-del-papa\/\" \/>\n<meta property=\"og:locale\" content=\"it_IT\" \/>\n<meta property=\"og:type\" content=\"article\" \/>\n<meta property=\"og:title\" content=\"Idee regalo per la Festa del Pap\u00e0 proposte da Filastrocche.it\" \/>\n<meta property=\"og:description\" content=\"Idee regalo per la Festa del Pap\u00e0: una serie di regali fai da te adatti al Pap\u00e0 nel giorno della sua festa. Da realizzare facilmente, con poca spesa...\" \/>\n<meta property=\"og:url\" content=\"https:\/\/www.filastrocche.it\/feste\/idee-regalo-fai-da-te-per-la-festa-del-papa\/\" \/>\n<meta property=\"og:site_name\" content=\"Filastrocche.it\" \/>\n<meta property=\"article:author\" content=\"http:\/\/www.facebook.com\/jolanda.restano\" \/>\n<meta property=\"article:published_time\" content=\"2013-02-20T20:40:50+00:00\" \/>\n<meta property=\"article:modified_time\" content=\"2018-02-20T17:18:15+00:00\" \/>\n<meta property=\"og:image\" content=\"https:\/\/www.filastrocche.it\/feste\/wp-content\/uploads\/2013\/02\/mistrali-fetsa-papa-pipa-350.jpg\" \/>\n\t<meta property=\"og:image:width\" content=\"350\" \/>\n\t<meta property=\"og:image:height\" content=\"302\" \/>\n\t<meta property=\"og:image:type\" content=\"image\/jpeg\" \/>\n<meta name=\"author\" content=\"Jolanda\" \/>\n<meta name=\"twitter:label1\" content=\"Scritto da\" \/>\n\t<meta name=\"twitter:data1\" content=\"Jolanda\" \/>\n\t<meta name=\"twitter:label2\" content=\"Tempo di lettura stimato\" \/>\n\t<meta name=\"twitter:data2\" content=\"2 minuti\" \/>\n<!-- \/ Yoast SEO plugin. -->","yoast_head_json":{"title":"Idee regalo per la Festa del Pap\u00e0 proposte da Filastrocche.it","description":"Idee regalo per la Festa del Pap\u00e0: una serie di regali fai da te adatti al Pap\u00e0 nel giorno della sua festa. Da realizzare facilmente, con poca spesa...","robots":{"index":"index","follow":"follow","max-snippet":"max-snippet:-1","max-image-preview":"max-image-preview:large","max-video-preview":"max-video-preview:-1"},"canonical":"https:\/\/www.filastrocche.it\/feste\/idee-regalo-fai-da-te-per-la-festa-del-papa\/","og_locale":"it_IT","og_type":"article","og_title":"Idee regalo per la Festa del Pap\u00e0 proposte da Filastrocche.it","og_description":"Idee regalo per la Festa del Pap\u00e0: una serie di regali fai da te adatti al Pap\u00e0 nel giorno della sua festa. Da realizzare facilmente, con poca spesa...","og_url":"https:\/\/www.filastrocche.it\/feste\/idee-regalo-fai-da-te-per-la-festa-del-papa\/","og_site_name":"Filastrocche.it","article_author":"http:\/\/www.facebook.com\/jolanda.restano","article_published_time":"2013-02-20T20:40:50+00:00","article_modified_time":"2018-02-20T17:18:15+00:00","og_image":[{"width":350,"height":302,"url":"https:\/\/www.filastrocche.it\/feste\/wp-content\/uploads\/2013\/02\/mistrali-fetsa-papa-pipa-350.jpg","type":"image\/jpeg"}],"author":"Jolanda","twitter_misc":{"Scritto da":"Jolanda","Tempo di lettura stimato":"2 minuti"},"schema":{"@context":"https:\/\/schema.org","@graph":[{"@type":"WebPage","@id":"https:\/\/www.filastrocche.it\/feste\/idee-regalo-fai-da-te-per-la-festa-del-papa\/","url":"https:\/\/www.filastrocche.it\/feste\/idee-regalo-fai-da-te-per-la-festa-del-papa\/","name":"Idee regalo per la Festa del Pap\u00e0 proposte da Filastrocche.it","isPartOf":{"@id":"https:\/\/www.filastrocche.it\/feste\/#website"},"primaryImageOfPage":{"@id":"https:\/\/www.filastrocche.it\/feste\/idee-regalo-fai-da-te-per-la-festa-del-papa\/#primaryimage"},"image":{"@id":"https:\/\/www.filastrocche.it\/feste\/idee-regalo-fai-da-te-per-la-festa-del-papa\/#primaryimage"},"thumbnailUrl":"https:\/\/www.filastrocche.it\/feste\/wp-content\/uploads\/2013\/02\/mistrali-fetsa-papa-pipa-350.jpg","datePublished":"2013-02-20T20:40:50+00:00","dateModified":"2018-02-20T17:18:15+00:00","author":{"@id":"https:\/\/www.filastrocche.it\/feste\/#\/schema\/person\/13a7995b740342851d3a3c001f9dd658"},"description":"Idee regalo per la Festa del Pap\u00e0: una serie di regali fai da te adatti al Pap\u00e0 nel giorno della sua festa. Da realizzare facilmente, con poca spesa...","breadcrumb":{"@id":"https:\/\/www.filastrocche.it\/feste\/idee-regalo-fai-da-te-per-la-festa-del-papa\/#breadcrumb"},"inLanguage":"it-IT","potentialAction":[{"@type":"ReadAction","target":["https:\/\/www.filastrocche.it\/feste\/idee-regalo-fai-da-te-per-la-festa-del-papa\/"]}]},{"@type":"ImageObject","inLanguage":"it-IT","@id":"https:\/\/www.filastrocche.it\/feste\/idee-regalo-fai-da-te-per-la-festa-del-papa\/#primaryimage","url":"https:\/\/www.filastrocche.it\/feste\/wp-content\/uploads\/2013\/02\/mistrali-fetsa-papa-pipa-350.jpg","contentUrl":"https:\/\/www.filastrocche.it\/feste\/wp-content\/uploads\/2013\/02\/mistrali-fetsa-papa-pipa-350.jpg","width":"350","height":"302"},{"@type":"BreadcrumbList","@id":"https:\/\/www.filastrocche.it\/feste\/idee-regalo-fai-da-te-per-la-festa-del-papa\/#breadcrumb","itemListElement":[{"@type":"ListItem","position":1,"name":"Home","item":"https:\/\/www.filastrocche.it\/feste\/"},{"@type":"ListItem","position":2,"name":"Idee regalo per la Festa del Pap\u00e0"}]},{"@type":"WebSite","@id":"https:\/\/www.filastrocche.it\/feste\/#website","url":"https:\/\/www.filastrocche.it\/feste\/","name":"Filastrocche.it","description":"Festeggiamo in famiglia","potentialAction":[{"@type":"SearchAction","target":{"@type":"EntryPoint","urlTemplate":"https:\/\/www.filastrocche.it\/feste\/?s={search_term_string}"},"query-input":{"@type":"PropertyValueSpecification","valueRequired":true,"valueName":"search_term_string"}}],"inLanguage":"it-IT"},{"@type":"Person","@id":"https:\/\/www.filastrocche.it\/feste\/#\/schema\/person\/13a7995b740342851d3a3c001f9dd658","name":"Jolanda","image":{"@type":"ImageObject","inLanguage":"it-IT","@id":"https:\/\/www.filastrocche.it\/feste\/#\/schema\/person\/image\/","url":"https:\/\/secure.gravatar.com\/avatar\/1b1f38df48384d8f75481e92c0cbf9e3494d37f3cf35cd02b0f5cba7d63f7349?s=96&d=mm&r=g","contentUrl":"https:\/\/secure.gravatar.com\/avatar\/1b1f38df48384d8f75481e92c0cbf9e3494d37f3cf35cd02b0f5cba7d63f7349?s=96&d=mm&r=g","caption":"Jolanda"},"sameAs":["http:\/\/www.facebook.com\/jolanda.restano","https:\/\/x.com\/jolandarestano"],"url":"https:\/\/www.filastrocche.it\/feste\/author\/jolanda\/"}]}},"_links":{"self":[{"href":"https:\/\/www.filastrocche.it\/feste\/wp-json\/wp\/v2\/posts\/8559","targetHints":{"allow":["GET"]}}],"collection":[{"href":"https:\/\/www.filastrocche.it\/feste\/wp-json\/wp\/v2\/posts"}],"about":[{"href":"https:\/\/www.filastrocche.it\/feste\/wp-json\/wp\/v2\/types\/post"}],"author":[{"embeddable":true,"href":"https:\/\/www.filastrocche.it\/feste\/wp-json\/wp\/v2\/users\/5"}],"replies":[{"embeddable":true,"href":"https:\/\/www.filastrocche.it\/feste\/wp-json\/wp\/v2\/comments?post=8559"}],"version-history":[{"count":3,"href":"https:\/\/www.filastrocche.it\/feste\/wp-json\/wp\/v2\/posts\/8559\/revisions"}],"predecessor-version":[{"id":32259,"href":"https:\/\/www.filastrocche.it\/feste\/wp-json\/wp\/v2\/posts\/8559\/revisions\/32259"}],"wp:featuredmedia":[{"embeddable":true,"href":"https:\/\/www.filastrocche.it\/feste\/wp-json\/wp\/v2\/media\/8565"}],"wp:attachment":[{"href":"https:\/\/www.filastrocche.it\/feste\/wp-json\/wp\/v2\/media?parent=8559"}],"wp:term":[{"taxonomy":"category","embeddable":true,"href":"https:\/\/www.filastrocche.it\/feste\/wp-json\/wp\/v2\/categories?post=8559"},{"taxonomy":"post_tag","embeddable":true,"href":"https:\/\/www.filastrocche.it\/feste\/wp-json\/wp\/v2\/tags?post=8559"},{"taxonomy":"sponsors","embeddable":true,"href":"https:\/\/www.filastrocche.it\/feste\/wp-json\/wp\/v2\/sponsors?post=8559"}],"curies":[{"name":"wp","href":"https:\/\/api.w.org\/{rel}","templated":true}]}}