{"id":9335,"date":"2013-03-17T12:04:43","date_gmt":"2013-03-17T12:04:43","guid":{"rendered":"https:\/\/www.filastrocche.it\/feste\/?p=9335"},"modified":"2018-02-20T17:22:35","modified_gmt":"2018-02-20T16:22:35","slug":"decorazioni-per-la-festa-del-papa-il-kit-da-tavola-per-il-superpapa","status":"publish","type":"post","link":"https:\/\/www.filastrocche.it\/feste\/decorazioni-per-la-festa-del-papa-il-kit-da-tavola-per-il-superpapa\/","title":{"rendered":"Decorazioni per la Festa del Pap\u00e0: il kit da tavola per il SuperPap\u00e0"},"content":{"rendered":"<p><a href=\"https:\/\/www.filastrocche.it\/feste\/wp-content\/uploads\/2013\/03\/galli-festa-del-papa-kit-superpapa-2-350.jpg\"><img loading=\"lazy\" decoding=\"async\" width=\"496\" height=\"350\" class=\"aligncenter wp-image-17405 size-full\" title=\"Decorazioni per la Festa del Pap\u00e0\" src=\"https:\/\/www.filastrocche.it\/feste\/wp-content\/uploads\/2013\/03\/galli-festa-del-papa-kit-superpapa-2-350.jpg\" alt=\"Decorazioni per la Festa del Pap\u00e0\" srcset=\"https:\/\/www.filastrocche.it\/feste\/wp-content\/uploads\/2013\/03\/galli-festa-del-papa-kit-superpapa-2-350.jpg 496w, https:\/\/www.filastrocche.it\/feste\/wp-content\/uploads\/2013\/03\/galli-festa-del-papa-kit-superpapa-2-350-300x212.jpg 300w\" sizes=\"auto, (max-width: 496px) 100vw, 496px\" \/><\/a><\/p>\n<h2>In cerca di <strong>Decorazioni per la Festa del Pap\u00e0<\/strong>? Eccole!<\/h2>\n<p>Per <strong>addobbare la tavola nel giorno della festa del Pap\u00e0<\/strong>, vi proponiamo le nostre\u00a0<strong>Decorazioni per la Festa del Pap\u00e0<\/strong>!<\/p>\n<p>Si tratta di <strong>un Kit da SuperPap\u00e0 che lo far\u00e0 sentire un vero Supereroe!<\/strong><\/p>\n<p>Il <strong>Kit Da SuperPap\u00e0<\/strong> \u00e8 composto da:<\/p>\n<p>&nbsp;<\/p>\n<ul>\n<li>Tovaglietta all&#8217;Americana<\/li>\n<li>Portatovagliolo<\/li>\n<li>Etichetta per la bottiglia di acqua o vino<\/li>\n<li>Biglietto da attaccare al suo regalo<\/li>\n<\/ul>\n<p>&nbsp;<\/p>\n<p><strong>Potete stampare il kit da SuperPap\u00e0 e ritagliarlo<\/strong>. Se lo stampate su un cartoncino invece che su un normale foglio di carta, durer\u00e0 pi\u00f9 a lungo e il risultato finale sar\u00e0 certamente migliore.<\/p>\n<p>Quindi <strong>decorare la tavola<\/strong> nel giorno della <strong>Festa del Pap\u00e0<\/strong> e vedrete come sar\u00e0 contento di essere il <strong>vostro SuperEroe<\/strong>!<\/p>\n<ul>\n<li><strong><a title=\"Il kit del SuperPap\u00e0\" href=\"https:\/\/www.filastrocche.it\/creiamo\/2013\/03\/17\/kit-da-superpapa-per-la-festa-del-papa\/\">Stampa il file con il Kit del Superpap\u00e0<\/a><\/strong><\/li>\n<\/ul>\n<p><strong><a href=\"https:\/\/www.filastrocche.it\/feste\/wp-content\/uploads\/2013\/03\/galli-festa-del-papa-kit-superpapa-1-350.jpg\"><img loading=\"lazy\" decoding=\"async\" width=\"350\" height=\"498\" class=\"aligncenter wp-image-17409 size-full\" title=\"Decorazioni per la Festa del Pap\u00e0\" src=\"https:\/\/www.filastrocche.it\/feste\/wp-content\/uploads\/2013\/03\/galli-festa-del-papa-kit-superpapa-1-350.jpg\" alt=\"Decorazioni per la Festa del Pap\u00e0\" srcset=\"https:\/\/www.filastrocche.it\/feste\/wp-content\/uploads\/2013\/03\/galli-festa-del-papa-kit-superpapa-1-350.jpg 350w, https:\/\/www.filastrocche.it\/feste\/wp-content\/uploads\/2013\/03\/galli-festa-del-papa-kit-superpapa-1-350-211x300.jpg 211w\" sizes=\"auto, (max-width: 350px) 100vw, 350px\" \/><\/a><a title=\"Il kit del SuperPap\u00e0\" href=\"https:\/\/www.filastrocche.it\/creiamo\/2013\/03\/17\/kit-da-superpapa-per-la-festa-del-papa\/\"><br \/>\n<\/a><\/strong><\/p>\n<p>Se vi piace questo <strong>Kit del SuperPap\u00e0 per la tavola della Festa del Pap\u00e0<\/strong>, dovete ringraziare <strong>Elena Galli<\/strong> e il suo <strong><a title=\"Worldwideparty - Party Decor. Decorazioni feste a tema fai-da-te!\" href=\"http:\/\/worldwideparty.etsy.com\" target=\"_blank\" rel=\"noopener\">Worldwideparty<\/a><\/strong> &#8211; Party Decor. Decorazioni feste a tema fai-da-te!<\/p>\n<p ><a title=\"Worldwideparty - Party Decor. Decorazioni feste a tema fai-da-te!\" href=\"http:\/\/www.etsy.com\/shop\/worldwideparty\" target=\"_blank\" rel=\"noopener\"><img decoding=\"async\" title=\"wwparty_150\" src=\"https:\/\/www.filastrocche.it\/feste\/wp-content\/uploads\/2012\/10\/wwparty_150.png\" alt=\"\"   \/><\/a><\/p>\n<p>&nbsp;<\/p>\n<p><a href=\"https:\/\/www.filastrocche.it\/feste\/lavoretti-per-la-festa-del-papa\/\"><img loading=\"lazy\" decoding=\"async\" width=\"150\" height=\"101\" class=\"alignnone wp-image-16941 size-full\" title=\"Lavoretti per la Festa del Pap\u00e0\" src=\"https:\/\/www.filastrocche.it\/feste\/wp-content\/uploads\/2013\/02\/lavoretti-festa-del-papa-150.jpg\" alt=\"Lavoretti per la Festa del Pap\u00e0\"   \/><\/a><br \/>\nSe state cercando dei <strong><a title=\"Lavoretti per la Festa del Pap\u00e0\" href=\"https:\/\/www.filastrocche.it\/feste\/lavoretti-per-la-festa-del-papa\/\">LAVORETTI per la Festa del Pap\u00e0, cliccate qui<\/a><\/strong>!<\/p>\n<p><a href=\"https:\/\/www.filastrocche.it\/feste\/idee-regalo-fai-da-te-per-la-festa-del-papa\/\"><img loading=\"lazy\" decoding=\"async\" width=\"150\" height=\"140\" class=\"alignnone wp-image-16943 size-full\" title=\"Idee Regalo per la Festa del Pap\u00e0\" src=\"https:\/\/www.filastrocche.it\/feste\/wp-content\/uploads\/2013\/02\/mistrali-festa-papa-regalo-150.jpg\" alt=\"Idee Regalo per la Festa del Pap\u00e0\"   \/><\/a><br \/>\nSe state cercando delle <strong><a title=\"Idee regalo per la Festa del Pap\u00e0\" href=\"https:\/\/www.filastrocche.it\/feste\/idee-regalo-fai-da-te-per-la-festa-del-papa\/\">IDEE REGALO per la Festa del Pap\u00e0, cliccate qui<\/a><\/strong>!<\/p>\n<p>&nbsp;<\/p>\n<p><a href=\"https:\/\/www.filastrocche.it\/feste\/poesie-per-la-festa-del-papa\/\"><img loading=\"lazy\" decoding=\"async\" width=\"150\" height=\"124\" class=\"alignnone wp-image-22489 size-full\" title=\"Poesie per la Festa del Pap\u00e0\" src=\"https:\/\/www.filastrocche.it\/feste\/wp-content\/uploads\/2013\/02\/papa-150.jpg\" alt=\"Poesie per la Festa del Pap\u00e0\"   \/><\/a><br \/>\nPer le migliori <a href=\"https:\/\/www.filastrocche.it\/feste\/poesie-per-la-festa-del-papa\/\"><strong>Poesie per la Festa del Pap\u00e0, cliccate qui<\/strong><\/a>!<\/p>\n<p><a href=\"https:\/\/www.filastrocche.it\/feste\/filastrocche-per-la-festa-del-papa\/\"><img loading=\"lazy\" decoding=\"async\" width=\"150\" height=\"150\" class=\"alignnone wp-image-22509 size-full\" title=\"Filastrocche per la Festa del Pap\u00e0\" src=\"https:\/\/www.filastrocche.it\/feste\/wp-content\/uploads\/2017\/03\/filastrocche-per-la-festa-del-papa-150.jpg\" alt=\"Filastrocche per la Festa del Pap\u00e0\"   \/><\/a><br \/>\nPer le pi\u00f9 belle <a href=\"https:\/\/www.filastrocche.it\/feste\/filastrocche-per-la-festa-del-papa\/\"><strong>Filastrocche per la Festa del Pap\u00e0, cliccate qui<\/strong><\/a>!<\/p>\n<p><a href=\"https:\/\/www.filastrocche.it\/feste\/filastrocche-per-la-festa-del-papa-tradizionali-o-dautore\/\"><img loading=\"lazy\" decoding=\"async\" width=\"150\" height=\"129\" class=\"alignnone wp-image-22497 size-full\" title=\"filastrocche per la Festa del Pap\u00e0\" src=\"https:\/\/www.filastrocche.it\/feste\/wp-content\/uploads\/2013\/02\/mistrali-festa-papa-pipa-150.jpg\" alt=\"filastrocche per la Festa del Pap\u00e0\"   \/><\/a><br \/>\nPer altre <a href=\"https:\/\/www.filastrocche.it\/feste\/filastrocche-per-la-festa-del-papa-tradizionali-o-dautore\/\"><strong>filastrocche per la Festa del Pap\u00e0, cliccate qui<\/strong><\/a>!<\/p>\n<p><a href=\"https:\/\/www.filastrocche.it\/leggiamo\/jolanda-restano-filastrocche-per-la-festa-del-papa\/\"><img loading=\"lazy\" decoding=\"async\" width=\"100\" height=\"168\" class=\"alignnone wp-image-16947 size-full\" title=\"Filastrocche per la Festa del Pap\u00e0\" src=\"https:\/\/www.filastrocche.it\/feste\/wp-content\/uploads\/2013\/02\/mistrali-festa-papa-bimba-100.jpg\" alt=\"Filastrocche per la Festa del Pap\u00e0\"   \/><\/a><br \/>\nSe volete leggere <strong>le filastrocche per il vostro Pap\u00e0<\/strong> <strong><a title=\"Filastrocche per la Festa del Pap\u00e0 di Jolanda Restano\" href=\"https:\/\/www.filastrocche.it\/leggiamo\/jolanda-restano-filastrocche-per-la-festa-del-papa\/\">scritte da Jolanda Restano, cliccate qui!<\/a><\/strong><\/p>\n<p><a href=\"https:\/\/www.filastrocche.it\/feste\/filastrocche-per-la-festa-del-papa-scritte-dagli-utenti-del-sito\/\"><img loading=\"lazy\" decoding=\"async\" width=\"100\" height=\"195\" class=\"alignnone wp-image-16953 size-full\" title=\"Filastrocche per la Festa del Pap\u00e0\" src=\"https:\/\/www.filastrocche.it\/feste\/wp-content\/uploads\/2013\/02\/mistrali-festa-papa-bimbo-100.jpg\" alt=\"Filastrocche per la Festa del Pap\u00e0\"   \/><\/a><br \/>\nSe invece vi interessano le <strong><a title=\"Filastrocche per la Festa del Pap\u00e0 scritte dagli utenti del sito\" href=\"https:\/\/www.filastrocche.it\/feste\/filastrocche-per-la-festa-del-papa-scritte-dagli-utenti-del-sito\/\">filastrocche per la Festa del Pap\u00e0 scritte da voi, cliccate qui<\/a><\/strong>!<\/p>\n<p><a href=\"https:\/\/www.filastrocche.it\/feste\/frasi-per-la-festa-del-papa\/\"><img loading=\"lazy\" decoding=\"async\" width=\"150\" height=\"134\" class=\"alignnone wp-image-22557 size-full\" title=\"Frasi per la Festa del Pap\u00e0\" src=\"https:\/\/www.filastrocche.it\/feste\/wp-content\/uploads\/2017\/03\/frasi-per-la-festa-del-papa-150.jpg\" alt=\"Frasi per la Festa del Pap\u00e0\"   \/><br \/>\n<\/a>Per le pi\u00f9 belle <a href=\"https:\/\/www.filastrocche.it\/feste\/frasi-per-la-festa-del-papa\/\"><strong>Frasi per la Festa del Pap\u00e0, cliccate qui<\/strong><\/a>!<\/p>\n<p>&nbsp;<\/p>\n<p><a href=\"https:\/\/www.filastrocche.it\/feste\/ricette-per-la-festa-del-papa\/\"><img loading=\"lazy\" decoding=\"async\" width=\"120\" height=\"142\" class=\"alignnone wp-image-22531 size-full\" title=\"Ricette per la Festa del Pap\u00e0\" src=\"https:\/\/www.filastrocche.it\/feste\/wp-content\/uploads\/2017\/03\/mistrali-ricette-piatto-pollo-120.jpg\" alt=\"Ricette per la Festa del Pap\u00e0\"   \/><\/a><br \/>\nSe cercate delle <a href=\"https:\/\/www.filastrocche.it\/feste\/ricette-per-la-festa-del-papa\/\"><strong>Ricette per la Festa del Pap\u00e0, cliccate qui<\/strong><\/a>!<\/p>\n<p>&nbsp;<\/p>\n<p><a href=\"https:\/\/www.filastrocche.it\/feste\/speciale-festa-del-papa\/\"><img loading=\"lazy\" decoding=\"async\" width=\"198\" height=\"47\" class=\"alignnone wp-image-8471 size-full\" title=\"Speciale Festa del Pap\u00e0\" src=\"https:\/\/www.filastrocche.it\/feste\/wp-content\/uploads\/2013\/02\/festa_papa.gif\" alt=\"Speciale Festa del Pap\u00e0\"   \/><\/a><br \/>\n<a href=\"https:\/\/www.filastrocche.it\/feste\/speciale-festa-del-papa\/\"><strong>Visita lo Speciale Festa del Pap\u00e0!<\/strong><\/a><\/p>\n","protected":false},"excerpt":{"rendered":"<p>In cerca di Decorazioni per la Festa del Pap\u00e0? Eccole! Per addobbare la tavola nel giorno della festa del Pap\u00e0, vi proponiamo le nostre\u00a0Decorazioni per la Festa del Pap\u00e0! Si tratta di un Kit da SuperPap\u00e0 che lo far\u00e0 sentire un vero Supereroe! Il Kit Da SuperPap\u00e0 \u00e8 composto da: &nbsp; Tovaglietta all&#8217;Americana Portatovagliolo Etichetta [&hellip;]<\/p>\n","protected":false},"author":5,"featured_media":17405,"comment_status":"open","ping_status":"open","sticky":false,"template":"","format":"standard","meta":{"footnotes":""},"categories":[339,953,7,867],"tags":[395,257,253,71,397,285,861,259,315,951,949],"sponsors":[],"class_list":["post-9335","post","type-post","status-publish","format-standard","has-post-thumbnail","hentry","category-creiamo-con-carta-e-forbici-festa-del-papa","category-decoriamo-la-festa-del-papa","category-festa-del-papa","category-festa-del-papa-a-tavola","tag-biglietti","tag-carta","tag-creazioni","tag-decorazioni","tag-etichette","tag-festa","tag-festa-del-papa-2","tag-forbici","tag-papa","tag-portatovagliolo","tag-tovaglietta"],"yoast_head":"<!-- This site is optimized with the Yoast SEO plugin v26.2 - https:\/\/yoast.com\/wordpress\/plugins\/seo\/ -->\n<title>Decorazioni per la Festa del Pap\u00e0: kit da tavola SuperPap\u00e0<\/title>\n<meta name=\"description\" content=\"Decorazioni per la Festa del Pap\u00e0: il kit da tavola per il SuperPap\u00e0. Decorate la tavola per il vostro Pap\u00e0 e fatelo sentire il vostro SuperEroe\" \/>\n<meta name=\"robots\" content=\"index, follow, max-snippet:-1, max-image-preview:large, max-video-preview:-1\" \/>\n<link rel=\"canonical\" href=\"https:\/\/www.filastrocche.it\/feste\/decorazioni-per-la-festa-del-papa-il-kit-da-tavola-per-il-superpapa\/\" \/>\n<meta property=\"og:locale\" content=\"it_IT\" \/>\n<meta property=\"og:type\" content=\"article\" \/>\n<meta property=\"og:title\" content=\"Decorazioni per la Festa del Pap\u00e0: kit da tavola SuperPap\u00e0\" \/>\n<meta property=\"og:description\" content=\"Decorazioni per la Festa del Pap\u00e0: il kit da tavola per il SuperPap\u00e0. Decorate la tavola per il vostro Pap\u00e0 e fatelo sentire il vostro SuperEroe\" \/>\n<meta property=\"og:url\" content=\"https:\/\/www.filastrocche.it\/feste\/decorazioni-per-la-festa-del-papa-il-kit-da-tavola-per-il-superpapa\/\" \/>\n<meta property=\"og:site_name\" content=\"Filastrocche.it\" \/>\n<meta property=\"article:author\" content=\"http:\/\/www.facebook.com\/jolanda.restano\" \/>\n<meta property=\"article:published_time\" content=\"2013-03-17T12:04:43+00:00\" \/>\n<meta property=\"article:modified_time\" content=\"2018-02-20T16:22:35+00:00\" \/>\n<meta property=\"og:image\" content=\"https:\/\/www.filastrocche.it\/feste\/wp-content\/uploads\/2013\/03\/galli-festa-del-papa-kit-superpapa-2-350.jpg\" \/>\n\t<meta property=\"og:image:width\" content=\"496\" \/>\n\t<meta property=\"og:image:height\" content=\"350\" \/>\n\t<meta property=\"og:image:type\" content=\"image\/jpeg\" \/>\n<meta name=\"author\" content=\"Jolanda\" \/>\n<meta name=\"twitter:label1\" content=\"Scritto da\" \/>\n\t<meta name=\"twitter:data1\" content=\"Jolanda\" \/>\n\t<meta name=\"twitter:label2\" content=\"Tempo di lettura stimato\" \/>\n\t<meta name=\"twitter:data2\" content=\"1 minuto\" \/>\n<!-- \/ Yoast SEO plugin. -->","yoast_head_json":{"title":"Decorazioni per la Festa del Pap\u00e0: kit da tavola SuperPap\u00e0","description":"Decorazioni per la Festa del Pap\u00e0: il kit da tavola per il SuperPap\u00e0. Decorate la tavola per il vostro Pap\u00e0 e fatelo sentire il vostro SuperEroe","robots":{"index":"index","follow":"follow","max-snippet":"max-snippet:-1","max-image-preview":"max-image-preview:large","max-video-preview":"max-video-preview:-1"},"canonical":"https:\/\/www.filastrocche.it\/feste\/decorazioni-per-la-festa-del-papa-il-kit-da-tavola-per-il-superpapa\/","og_locale":"it_IT","og_type":"article","og_title":"Decorazioni per la Festa del Pap\u00e0: kit da tavola SuperPap\u00e0","og_description":"Decorazioni per la Festa del Pap\u00e0: il kit da tavola per il SuperPap\u00e0. Decorate la tavola per il vostro Pap\u00e0 e fatelo sentire il vostro SuperEroe","og_url":"https:\/\/www.filastrocche.it\/feste\/decorazioni-per-la-festa-del-papa-il-kit-da-tavola-per-il-superpapa\/","og_site_name":"Filastrocche.it","article_author":"http:\/\/www.facebook.com\/jolanda.restano","article_published_time":"2013-03-17T12:04:43+00:00","article_modified_time":"2018-02-20T16:22:35+00:00","og_image":[{"width":496,"height":350,"url":"https:\/\/www.filastrocche.it\/feste\/wp-content\/uploads\/2013\/03\/galli-festa-del-papa-kit-superpapa-2-350.jpg","type":"image\/jpeg"}],"author":"Jolanda","twitter_misc":{"Scritto da":"Jolanda","Tempo di lettura stimato":"1 minuto"},"schema":{"@context":"https:\/\/schema.org","@graph":[{"@type":"WebPage","@id":"https:\/\/www.filastrocche.it\/feste\/decorazioni-per-la-festa-del-papa-il-kit-da-tavola-per-il-superpapa\/","url":"https:\/\/www.filastrocche.it\/feste\/decorazioni-per-la-festa-del-papa-il-kit-da-tavola-per-il-superpapa\/","name":"Decorazioni per la Festa del Pap\u00e0: kit da tavola SuperPap\u00e0","isPartOf":{"@id":"https:\/\/www.filastrocche.it\/feste\/#website"},"primaryImageOfPage":{"@id":"https:\/\/www.filastrocche.it\/feste\/decorazioni-per-la-festa-del-papa-il-kit-da-tavola-per-il-superpapa\/#primaryimage"},"image":{"@id":"https:\/\/www.filastrocche.it\/feste\/decorazioni-per-la-festa-del-papa-il-kit-da-tavola-per-il-superpapa\/#primaryimage"},"thumbnailUrl":"https:\/\/www.filastrocche.it\/feste\/wp-content\/uploads\/2013\/03\/galli-festa-del-papa-kit-superpapa-2-350.jpg","datePublished":"2013-03-17T12:04:43+00:00","dateModified":"2018-02-20T16:22:35+00:00","author":{"@id":"https:\/\/www.filastrocche.it\/feste\/#\/schema\/person\/13a7995b740342851d3a3c001f9dd658"},"description":"Decorazioni per la Festa del Pap\u00e0: il kit da tavola per il SuperPap\u00e0. Decorate la tavola per il vostro Pap\u00e0 e fatelo sentire il vostro SuperEroe","breadcrumb":{"@id":"https:\/\/www.filastrocche.it\/feste\/decorazioni-per-la-festa-del-papa-il-kit-da-tavola-per-il-superpapa\/#breadcrumb"},"inLanguage":"it-IT","potentialAction":[{"@type":"ReadAction","target":["https:\/\/www.filastrocche.it\/feste\/decorazioni-per-la-festa-del-papa-il-kit-da-tavola-per-il-superpapa\/"]}]},{"@type":"ImageObject","inLanguage":"it-IT","@id":"https:\/\/www.filastrocche.it\/feste\/decorazioni-per-la-festa-del-papa-il-kit-da-tavola-per-il-superpapa\/#primaryimage","url":"https:\/\/www.filastrocche.it\/feste\/wp-content\/uploads\/2013\/03\/galli-festa-del-papa-kit-superpapa-2-350.jpg","contentUrl":"https:\/\/www.filastrocche.it\/feste\/wp-content\/uploads\/2013\/03\/galli-festa-del-papa-kit-superpapa-2-350.jpg","width":496,"height":350},{"@type":"BreadcrumbList","@id":"https:\/\/www.filastrocche.it\/feste\/decorazioni-per-la-festa-del-papa-il-kit-da-tavola-per-il-superpapa\/#breadcrumb","itemListElement":[{"@type":"ListItem","position":1,"name":"Home","item":"https:\/\/www.filastrocche.it\/feste\/"},{"@type":"ListItem","position":2,"name":"Decorazioni per la Festa del Pap\u00e0: il kit da tavola per il SuperPap\u00e0"}]},{"@type":"WebSite","@id":"https:\/\/www.filastrocche.it\/feste\/#website","url":"https:\/\/www.filastrocche.it\/feste\/","name":"Filastrocche.it","description":"Festeggiamo in famiglia","potentialAction":[{"@type":"SearchAction","target":{"@type":"EntryPoint","urlTemplate":"https:\/\/www.filastrocche.it\/feste\/?s={search_term_string}"},"query-input":{"@type":"PropertyValueSpecification","valueRequired":true,"valueName":"search_term_string"}}],"inLanguage":"it-IT"},{"@type":"Person","@id":"https:\/\/www.filastrocche.it\/feste\/#\/schema\/person\/13a7995b740342851d3a3c001f9dd658","name":"Jolanda","image":{"@type":"ImageObject","inLanguage":"it-IT","@id":"https:\/\/www.filastrocche.it\/feste\/#\/schema\/person\/image\/","url":"https:\/\/secure.gravatar.com\/avatar\/1b1f38df48384d8f75481e92c0cbf9e3494d37f3cf35cd02b0f5cba7d63f7349?s=96&d=mm&r=g","contentUrl":"https:\/\/secure.gravatar.com\/avatar\/1b1f38df48384d8f75481e92c0cbf9e3494d37f3cf35cd02b0f5cba7d63f7349?s=96&d=mm&r=g","caption":"Jolanda"},"sameAs":["http:\/\/www.facebook.com\/jolanda.restano","https:\/\/x.com\/jolandarestano"],"url":"https:\/\/www.filastrocche.it\/feste\/author\/jolanda\/"}]}},"_links":{"self":[{"href":"https:\/\/www.filastrocche.it\/feste\/wp-json\/wp\/v2\/posts\/9335","targetHints":{"allow":["GET"]}}],"collection":[{"href":"https:\/\/www.filastrocche.it\/feste\/wp-json\/wp\/v2\/posts"}],"about":[{"href":"https:\/\/www.filastrocche.it\/feste\/wp-json\/wp\/v2\/types\/post"}],"author":[{"embeddable":true,"href":"https:\/\/www.filastrocche.it\/feste\/wp-json\/wp\/v2\/users\/5"}],"replies":[{"embeddable":true,"href":"https:\/\/www.filastrocche.it\/feste\/wp-json\/wp\/v2\/comments?post=9335"}],"version-history":[{"count":4,"href":"https:\/\/www.filastrocche.it\/feste\/wp-json\/wp\/v2\/posts\/9335\/revisions"}],"predecessor-version":[{"id":32255,"href":"https:\/\/www.filastrocche.it\/feste\/wp-json\/wp\/v2\/posts\/9335\/revisions\/32255"}],"wp:featuredmedia":[{"embeddable":true,"href":"https:\/\/www.filastrocche.it\/feste\/wp-json\/wp\/v2\/media\/17405"}],"wp:attachment":[{"href":"https:\/\/www.filastrocche.it\/feste\/wp-json\/wp\/v2\/media?parent=9335"}],"wp:term":[{"taxonomy":"category","embeddable":true,"href":"https:\/\/www.filastrocche.it\/feste\/wp-json\/wp\/v2\/categories?post=9335"},{"taxonomy":"post_tag","embeddable":true,"href":"https:\/\/www.filastrocche.it\/feste\/wp-json\/wp\/v2\/tags?post=9335"},{"taxonomy":"sponsors","embeddable":true,"href":"https:\/\/www.filastrocche.it\/feste\/wp-json\/wp\/v2\/sponsors?post=9335"}],"curies":[{"name":"wp","href":"https:\/\/api.w.org\/{rel}","templated":true}]}}