{"id":1509,"date":"2012-10-01T20:21:57","date_gmt":"2012-10-01T20:21:57","guid":{"rendered":"https:\/\/www.filastrocche.it\/leggiamo\/?p=1509"},"modified":"2021-03-19T11:48:05","modified_gmt":"2021-03-19T11:48:05","slug":"jolanda-restano-filastrocche-per-la-festa-del-papa","status":"publish","type":"post","link":"https:\/\/www.filastrocche.it\/leggiamo\/jolanda-restano-filastrocche-per-la-festa-del-papa\/","title":{"rendered":"Jolanda Restano: Filastrocche per la Festa del Pap\u00e0"},"content":{"rendered":"<h2><a href=\"https:\/\/www.filastrocche.it\/leggiamo\/wp-content\/uploads\/2012\/10\/festa_papa\u0300_300.png\"><img loading=\"lazy\" decoding=\"async\" width=\"300\" height=\"427\" class=\"aligncenter wp-image-1511 size-full\" title=\"Filastrocche per la Festa del Pap\u00e0\" src=\"https:\/\/www.filastrocche.it\/leggiamo\/wp-content\/uploads\/2012\/10\/festa_papa\u0300_300.png\" alt=\"Filastrocche per la Festa del Pap\u00e0\" srcset=\"https:\/\/www.filastrocche.it\/leggiamo\/wp-content\/uploads\/2012\/10\/festa_papa\u0300_300.png 300w, https:\/\/www.filastrocche.it\/leggiamo\/wp-content\/uploads\/2012\/10\/festa_papa\u0300_300-210x300.png 210w\" sizes=\"auto, (max-width: 300px) 100vw, 300px\" \/><\/a>Una selezione delle migliori <strong>Filastrocche per la Festa del Pap\u00e0<\/strong> scritte da <strong>Jolanda Restano<\/strong>!<\/h2>\n<p>Scegliete quella che preferite da recitare al vostro pap\u00e0 nel giorno della sua festa!<\/p>\n<p>&nbsp;<\/p>\n<p><strong>Pap\u00e0 mio, ti voglio bene!<\/strong><br \/>\n<em>di Jolanda Restano<\/em><\/p>\n<p>Pap\u00e0 mio, ti voglio bene!<br \/>\nStiamo sempre, sempre insieme!<br \/>\nIo con te, tu con me,<br \/>\nti far\u00f2 sentire un Re!<\/p>\n<p>Tu sei grande, il Migliore!<br \/>\nStiamo insieme ore e ore,<br \/>\nstiamo ore e ore insieme:<br \/>\nPap\u00e0 mio, ti voglio bene!<\/p>\n<p>&nbsp;<\/p>\n<p><strong>Ricetta del buon pap\u00e0<\/strong><br \/>\n<em>di Jolanda Restano<br \/>\n<\/em>Per fare la ricetta del buon pap\u00e0<br \/>\nprendi una manciata di buona volont\u00e0,<br \/>\nunisci sei cucchiai di santa pazienza<br \/>\ne una buona dose di affetto e tolleranza.<\/p>\n<p>Scalda con abbracci e tenero amore,<br \/>\nunisci tanti baci da far scoppiare il cuore,<br \/>\naggiungi un chilo e mezzo di grande simpatia,<br \/>\nun mucchio di sorrisi e tanta allegria.<\/p>\n<p>Infine aggiungi coccole in grande quantit\u00e0<br \/>\nmescola per bene: ed ecco il mio pap\u00e0!<\/p>\n<p>&nbsp;<\/p>\n<p><strong>Al Pap\u00e0!<br \/>\n<\/strong><em>di Jolanda Restano<\/em><br \/>\nChe sia alto oppure basso,<br \/>\nche sia magro oppure grasso,<br \/>\nche sia brutto oppure bello,<br \/>\nmolto arguto o picchiatello<br \/>\nnon importa e sai perch\u00e9?<br \/>\nPer me \u00e8 grande come un RE!<br \/>\nLui \u00e8 stato, \u00e8 e sar\u00e0<br \/>\nora e sempre il mio Pap\u00e0.<\/p>\n<p>&nbsp;<\/p>\n<p><strong>Auguri al mio grande Pap\u00e0!<br \/>\n<\/strong><em>di Jolanda Restano<\/em><br \/>\nMi piace aspettarlo al tramonto<br \/>\nquando torna a casa dal lavoro<br \/>\nE&#8217; stanco, si vede dal volto,<br \/>\nmi stringe e mi dice: &#8220;Tesoro!&#8221;.<\/p>\n<p>Poi gioca con me sul tappeto,<br \/>\nmi bacia e sorride radioso<br \/>\n\u00e8 questo il momento pi\u00f9 lieto<br \/>\nin cui io lo abbraccio affettuoso.<\/p>\n<p>Si merita tutto il mio amore<br \/>\nil babbo che tanto mi ama<br \/>\ned io ce l&#8217;ho sempre nel cuore<br \/>\nson pronto ogni volta che chiama.<\/p>\n<p>E oggi che \u00e8 la sua Festa<br \/>\nE&#8217; un giorno di gran felicit\u00e0,<br \/>\nCos\u00ec voglio urlare entusiasta:<br \/>\nAuguri al mio grande Pap\u00e0!<\/p>\n<p>&nbsp;<\/p>\n<p><strong>Per la festa del Pap\u00e0<br \/>\n<\/strong><em>di Jolanda Restano<\/em><br \/>\nPer la festa del Pap\u00e0<br \/>\nho pensato l\u00e0 per l\u00e0<br \/>\ncome fare un grande dono<br \/>\nal mio babbo tanto buono.<\/p>\n<p>Ho pensato ad una torta<br \/>\ntonda o quadrata, poco importa!<br \/>\nPoi ad un cane o ad un castello<br \/>\ngrande, grosso, molto bello&#8230;<br \/>\nPoi a un viaggio favoloso,<br \/>\nstraordinario e avventuroso&#8230;<\/p>\n<p>Ma son piccolo e perci\u00f2<br \/>\ntanti soldi non ne ho!<br \/>\nBhe&#8217;, pazienza, sai che faccio?<br \/>\nGli do solo un grande abbraccio!<\/p>\n<p>&nbsp;<\/p>\n<p><strong>Il mio babbo<br \/>\n<\/strong><em>di Jolanda Restano<\/em><br \/>\nIl mio babbo \u00e8 grande e grosso<br \/>\nforte, alto, un bel colosso!<br \/>\nBuono, fiero, ed elegante<br \/>\nattraente e affascinante!<br \/>\nDivertente e generoso<br \/>\ndolcemente strepitoso!<br \/>\nVoglio urlare a chi non sa:<br \/>\nquesto \u00e8 proprio il mio pap\u00e0!<\/p>\n<p>&nbsp;<\/p>\n<p><strong>Il Super Pap\u00e0!<br \/>\n<\/strong><em>di Jolanda Restano<\/em><br \/>\nE&#8217; bello, \u00e8 buono, \u00e8 grande e forte<br \/>\nda solo sa aprirsi tutte le porte.<br \/>\nE&#8217; simpatico, \u00e8 divertente, \u00e8 elegante<br \/>\nsi vede subito che \u00e8 affascinante!<br \/>\nE&#8217; dolce, coccoloso,<br \/>\namorevole, affettuoso.<br \/>\nNon \u00e8 solo il mio pap\u00e0<br \/>\nma \u00e8 il mio bel super pap\u00e0!<\/p>\n<p>&nbsp;<\/p>\n<p><strong>Chi \u00e8?<br \/>\n<\/strong><em>di Jolanda Restano<\/em><br \/>\nChi mi coccola con amore<br \/>\nquando ho bisogno di calore?<br \/>\nChi mi sostiene con fermezza<br \/>\nse ho un momento di tristezza?<br \/>\nChi mi aiuta ogni momento<br \/>\nsperando solo ch&#8217;io sia contento?<br \/>\nIgnorante chi non sa<br \/>\nche sto parlando del mio pap\u00e0!<\/p>\n<p>&nbsp;<\/p>\n<p><strong>Mi piace&#8230;<br \/>\n<\/strong><em>di Jolanda Restano<\/em><br \/>\nMi piace abbracciarlo e tenerlo ben stretto,<br \/>\nDormire insieme nel suo grande letto.<br \/>\nMi piace giocare con lui e parlare<br \/>\npoi ridere, scherzare e farmi coccolare.<br \/>\nMi piace da morire giocar con lui a palla<br \/>\nma anche star seduti, guardarci e fare nulla.<br \/>\nE&#8217; bello stare insieme e farci compagnia.<br \/>\nperch\u00e9 il mio pap\u00e0 \u00e8 il migliore che ci sia!<\/p>\n<p>&nbsp;<\/p>\n<p><strong>Tante cose<br \/>\n<\/strong><em>di Jolanda Restano<\/em><br \/>\nLo abbraccio, lo bacio, lo strizzo, lo mordo,<br \/>\nlo stringo, lo tiro, lo chiamo, lo guardo.<br \/>\nGli parlo, mi parla, lui ride, io rido<br \/>\nmi ama, lo amo, mi sgrida, lo sgrido.<br \/>\nGiochiamo, corriamo poi ci coccoliamo<br \/>\nparliamo e parliamo, ridiamo e ridiamo.<br \/>\nSon tante le cose che insieme facciamo<br \/>\nio e il mio pap\u00e0 e &#8230;intanto ci amiamo!<\/p>\n<p>&nbsp;<\/p>\n<p><strong>La ricetta del Buon Pap\u00e0<\/strong><br \/>\n<em>di Jolanda Restano<br \/>\n<\/em>Per la ricetta del buon pap\u00e0<br \/>\nnon aver fretta e leggi qua:<br \/>\n2 grammi di pazienza<br \/>\naffetto e tolleranza;<br \/>\nabbracci e amore<br \/>\nda far scoppiare il cuore;<br \/>\nun chilo di simpatia;<br \/>\nun litro di allegria.<\/p>\n<p>Poi mescola per bene<br \/>\ncos\u00ec come conviene<br \/>\ne assaggia che bont\u00e0:<br \/>\nil migliore pap\u00e0!<\/p>\n<p>&nbsp;<\/p>\n<p><strong>\u00c8&#8230;<br \/>\n<\/strong><em>di Jolanda Restano<\/em><br \/>\n\u00c8 un amico generoso<br \/>\n\u00e8 un compagno favoloso<br \/>\n\u00e8 un fedele mio alleato<br \/>\n\u00e8 un compare assai fidato<br \/>\n\u00e8 un complice silenzioso<br \/>\n\u00e8 il mio babbo strepitoso!<\/p>\n<p>&nbsp;<\/p>\n<p><a href=\"https:\/\/www.filastrocche.it\/feste\/poesie-per-la-festa-del-papa\/\"><img decoding=\"async\" class=\"alignnone wp-image-198563 size-full\" title=\"Poesie per la Festa del Pap\u00e0\" src=\"https:\/\/www.filastrocche.it\/contenuti\/wp-content\/uploads\/2018\/02\/poesie-per-la-festa-del-papa-150.jpg\" alt=\"Poesie per la Festa del Pap\u00e0\" \/><\/a><br \/>\nPer le migliori <a href=\"https:\/\/www.filastrocche.it\/feste\/poesie-per-la-festa-del-papa\/\"><strong>Poesie per la Festa del Pap\u00e0, cliccate qui<\/strong><\/a>!<\/p>\n<p><a href=\"https:\/\/www.filastrocche.it\/feste\/filastrocche-per-la-festa-del-papa\/\"><img decoding=\"async\" class=\"alignnone wp-image-198561 size-full\" title=\"Filastrocche per la Festa del Pap\u00e0\" src=\"https:\/\/www.filastrocche.it\/contenuti\/wp-content\/uploads\/2018\/02\/filastrocche-per-la-festa-del-papa-150.jpg\" alt=\"Filastrocche per la Festa del Pap\u00e0\" \/><\/a><br \/>\nPer le pi\u00f9 belle <a href=\"https:\/\/www.filastrocche.it\/feste\/filastrocche-per-la-festa-del-papa\/\"><strong>Filastrocche per la Festa del Pap\u00e0, cliccate qui<\/strong><\/a>!<\/p>\n<p><a href=\"https:\/\/www.filastrocche.it\/feste\/filastrocche-per-la-festa-del-papa-tradizionali-o-dautore\/\"><img decoding=\"async\" class=\"alignnone wp-image-198559 size-full\" title=\"filastrocche per la Festa del Pap\u00e0\" src=\"https:\/\/www.filastrocche.it\/contenuti\/wp-content\/uploads\/2018\/02\/mistrali-festa-papa-pipa-150.jpg\" alt=\"filastrocche per la Festa del Pap\u00e0\" \/><\/a><br \/>\nPer altre <a href=\"https:\/\/www.filastrocche.it\/feste\/filastrocche-per-la-festa-del-papa-tradizionali-o-dautore\/\"><strong>filastrocche per la Festa del Pap\u00e0, cliccate qui<\/strong><\/a>!<\/p>\n<p><a href=\"https:\/\/www.filastrocche.it\/leggiamo\/jolanda-restano-filastrocche-per-la-festa-del-papa\/\"><img decoding=\"async\" class=\"alignnone wp-image-198557 size-full\" title=\"filastrocche per il vostro Pap\u00e0 scritte da Jolanda Restano\" src=\"https:\/\/www.filastrocche.it\/contenuti\/wp-content\/uploads\/2018\/02\/mistrali-festa-papa-bimba-100.jpg\" alt=\"filastrocche per il vostro Pap\u00e0 scritte da Jolanda Restano\" \/><\/a><br \/>\nSe volete leggere <strong>le filastrocche per il vostro Pap\u00e0<\/strong> <strong><a title=\"Filastrocche per la Festa del Pap\u00e0 di Jolanda Restano\" href=\"https:\/\/www.filastrocche.it\/leggiamo\/jolanda-restano-filastrocche-per-la-festa-del-papa\/\">scritte da Jolanda Restano, cliccate qui!<\/a><\/strong><\/p>\n<p><a href=\"https:\/\/www.filastrocche.it\/feste\/filastrocche-per-la-festa-del-papa-scritte-dagli-utenti-del-sito\/\"><img decoding=\"async\" class=\"alignnone wp-image-198555 size-full\" title=\"filastrocche per la Festa del Pap\u00e0\" src=\"https:\/\/www.filastrocche.it\/contenuti\/wp-content\/uploads\/2018\/02\/mistrali-festa-papa-bimbo-100.jpg\" alt=\"filastrocche per la Festa del Pap\u00e0\" \/><\/a><br \/>\nSe invece vi interessano le <strong><a title=\"Filastrocche per la Festa del Pap\u00e0 scritte dagli utenti del sito\" href=\"https:\/\/www.filastrocche.it\/feste\/filastrocche-per-la-festa-del-papa-scritte-dagli-utenti-del-sito\/\">filastrocche per la Festa del Pap\u00e0 scritte da voi, cliccate qui<\/a><\/strong>!<\/p>\n<p><a href=\"https:\/\/www.filastrocche.it\/feste\/frasi-per-la-festa-del-papa\/\"><img decoding=\"async\" class=\"alignnone wp-image-198553 size-full\" title=\"Frasi per la Festa del Pap\u00e0\" src=\"https:\/\/www.filastrocche.it\/contenuti\/wp-content\/uploads\/2018\/02\/frasi-per-la-festa-del-papa-150.jpg\" alt=\"Frasi per la Festa del Pap\u00e0\" \/><\/a><a href=\"https:\/\/www.filastrocche.it\/feste\/frasi-per-la-festa-del-papa\/\"><br \/>\n<\/a>Per le pi\u00f9 belle <a href=\"https:\/\/www.filastrocche.it\/feste\/frasi-per-la-festa-del-papa\/\"><strong>Frasi per la Festa del Pap\u00e0, cliccate qui<\/strong><\/a>!<\/p>\n<p>&nbsp;<\/p>\n<p><a href=\"https:\/\/www.filastrocche.it\/feste\/lavoretti-per-la-festa-del-papa\/\"><img decoding=\"async\" class=\"alignnone wp-image-198551 size-full\" title=\"Lavoretti per la Festa del Pap\u00e0\" src=\"https:\/\/www.filastrocche.it\/contenuti\/wp-content\/uploads\/2018\/02\/lavoretti-festa-del-papa-150.jpg\" alt=\"Lavoretti per la Festa del Pap\u00e0\" \/><\/a><br \/>\nSe state cercando dei <strong><a title=\"Lavoretti per la Festa del Pap\u00e0\" href=\"https:\/\/www.filastrocche.it\/feste\/lavoretti-per-la-festa-del-papa\/\">LAVORETTI per la Festa del Pap\u00e0, cliccate qui<\/a><\/strong>!<\/p>\n<p><a href=\"https:\/\/www.filastrocche.it\/feste\/idee-regalo-fai-da-te-per-la-festa-del-papa\/\"><img decoding=\"async\" class=\"alignnone wp-image-198549 size-full\" title=\"Idee regalo per la Festa del Pap\u00e0\" src=\"https:\/\/www.filastrocche.it\/contenuti\/wp-content\/uploads\/2018\/02\/mistrali-festa-papa-regalo-150.jpg\" alt=\"Idee regalo per la Festa del Pap\u00e0\" \/><\/a><br \/>\nSe state cercando delle <strong><a title=\"Idee regalo per la Festa del Pap\u00e0\" href=\"https:\/\/www.filastrocche.it\/feste\/idee-regalo-fai-da-te-per-la-festa-del-papa\/\">IDEE REGALO per la Festa del Pap\u00e0, cliccate qui<\/a><\/strong>!<\/p>\n<p><a href=\"https:\/\/www.filastrocche.it\/feste\/ricette-per-la-festa-del-papa\/\"><img decoding=\"async\" class=\"alignnone wp-image-198547 size-full\" title=\"Ricette per la Festa del Pap\u00e0\" src=\"https:\/\/www.filastrocche.it\/contenuti\/wp-content\/uploads\/2018\/02\/mistrali-ricette-piatto-pollo-120.jpg\" alt=\"Ricette per la Festa del Pap\u00e0\" \/><\/a><br \/>\nSe cercate delle <a href=\"https:\/\/www.filastrocche.it\/feste\/ricette-per-la-festa-del-papa\/\"><strong>Ricette per la Festa del Pap\u00e0, cliccate qui<\/strong><\/a>!<\/p>\n<p>&nbsp;<\/p>\n<p><a href=\"https:\/\/www.filastrocche.it\/feste\/speciale-festa-del-papa\/\"><img decoding=\"async\" class=\"alignnone wp-image-198545 size-full\" title=\"Speciale Festa del Pap\u00e0\" src=\"https:\/\/www.filastrocche.it\/contenuti\/wp-content\/uploads\/2018\/02\/festa_papa.gif\" alt=\"Speciale Festa del Pap\u00e0\" \/><\/a><br \/>\n<a href=\"https:\/\/www.filastrocche.it\/feste\/speciale-festa-del-papa\/\"><strong>Visita lo Speciale Festa del Pap\u00e0!<\/strong><\/a><\/p>\n","protected":false},"excerpt":{"rendered":"<p>Una selezione delle migliori Filastrocche per la Festa del Pap\u00e0 scritte da Jolanda Restano! Scegliete quella che preferite da recitare al vostro pap\u00e0 nel giorno della sua festa! &nbsp; Pap\u00e0 mio, ti voglio bene! di Jolanda Restano Pap\u00e0 mio, ti voglio bene! Stiamo sempre, sempre insieme! Io con te, tu con me, ti far\u00f2 sentire [&hellip;]<\/p>\n","protected":false},"author":5,"featured_media":1511,"comment_status":"open","ping_status":"open","sticky":false,"template":"","format":"standard","meta":{"footnotes":""},"categories":[9,14,12,61,83],"tags":[2075,55,2073],"sponsors":[],"class_list":["post-1509","post","type-post","status-publish","format-standard","has-post-thumbnail","hentry","category-autori","category-autori-italiani","category-autori-italiani-affermati","category-jolanda-restano","category-testi-e-filastrocche-di-jolanda-restano","tag-festa-del-papa","tag-filastrocche","tag-jolanda-restano","lingua-italiano"],"yoast_head":"<!-- This site is optimized with the Yoast SEO plugin v26.2 - https:\/\/yoast.com\/wordpress\/plugins\/seo\/ -->\n<title>Filastrocche per la Festa del Pap\u00e0 di Jolanda Restano<\/title>\n<meta name=\"description\" content=\"Una selezione delle migliori Filastrocche per la Festa del Pap\u00e0 scritte da Jolanda Restano, adatte da studiare a memoria e recitare al babbo nel giorno...\" \/>\n<meta name=\"robots\" content=\"index, follow, max-snippet:-1, max-image-preview:large, max-video-preview:-1\" \/>\n<link rel=\"canonical\" href=\"https:\/\/www.filastrocche.it\/leggiamo\/jolanda-restano-filastrocche-per-la-festa-del-papa\/\" \/>\n<meta property=\"og:locale\" content=\"it_IT\" \/>\n<meta property=\"og:type\" content=\"article\" \/>\n<meta property=\"og:title\" content=\"Filastrocche per la Festa del Pap\u00e0 di Jolanda Restano\" \/>\n<meta property=\"og:description\" content=\"Una selezione delle migliori Filastrocche per la Festa del Pap\u00e0 scritte da Jolanda Restano, adatte da studiare a memoria e recitare al babbo nel giorno...\" \/>\n<meta property=\"og:url\" content=\"https:\/\/www.filastrocche.it\/leggiamo\/jolanda-restano-filastrocche-per-la-festa-del-papa\/\" \/>\n<meta property=\"og:site_name\" content=\"Autori e illustratori in Filastrocche.it\" \/>\n<meta property=\"article:author\" content=\"http:\/\/www.facebook.com\/jolanda.restano\" \/>\n<meta property=\"article:published_time\" content=\"2012-10-01T20:21:57+00:00\" \/>\n<meta property=\"article:modified_time\" content=\"2021-03-19T11:48:05+00:00\" \/>\n<meta property=\"og:image\" content=\"https:\/\/www.filastrocche.it\/leggiamo\/wp-content\/uploads\/2012\/10\/festa_papa\u0300_300.png\" \/>\n\t<meta property=\"og:image:width\" content=\"300\" \/>\n\t<meta property=\"og:image:height\" content=\"427\" \/>\n\t<meta property=\"og:image:type\" content=\"image\/png\" \/>\n<meta name=\"author\" content=\"Jolanda\" \/>\n<meta name=\"twitter:label1\" content=\"Scritto da\" \/>\n\t<meta name=\"twitter:data1\" content=\"Jolanda\" \/>\n\t<meta name=\"twitter:label2\" content=\"Tempo di lettura stimato\" \/>\n\t<meta name=\"twitter:data2\" content=\"6 minuti\" \/>\n<!-- \/ Yoast SEO plugin. -->","yoast_head_json":{"title":"Filastrocche per la Festa del Pap\u00e0 di Jolanda Restano","description":"Una selezione delle migliori Filastrocche per la Festa del Pap\u00e0 scritte da Jolanda Restano, adatte da studiare a memoria e recitare al babbo nel giorno...","robots":{"index":"index","follow":"follow","max-snippet":"max-snippet:-1","max-image-preview":"max-image-preview:large","max-video-preview":"max-video-preview:-1"},"canonical":"https:\/\/www.filastrocche.it\/leggiamo\/jolanda-restano-filastrocche-per-la-festa-del-papa\/","og_locale":"it_IT","og_type":"article","og_title":"Filastrocche per la Festa del Pap\u00e0 di Jolanda Restano","og_description":"Una selezione delle migliori Filastrocche per la Festa del Pap\u00e0 scritte da Jolanda Restano, adatte da studiare a memoria e recitare al babbo nel giorno...","og_url":"https:\/\/www.filastrocche.it\/leggiamo\/jolanda-restano-filastrocche-per-la-festa-del-papa\/","og_site_name":"Autori e illustratori in Filastrocche.it","article_author":"http:\/\/www.facebook.com\/jolanda.restano","article_published_time":"2012-10-01T20:21:57+00:00","article_modified_time":"2021-03-19T11:48:05+00:00","og_image":[{"width":300,"height":427,"url":"https:\/\/www.filastrocche.it\/leggiamo\/wp-content\/uploads\/2012\/10\/festa_papa\u0300_300.png","type":"image\/png"}],"author":"Jolanda","twitter_misc":{"Scritto da":"Jolanda","Tempo di lettura stimato":"6 minuti"},"schema":{"@context":"https:\/\/schema.org","@graph":[{"@type":"WebPage","@id":"https:\/\/www.filastrocche.it\/leggiamo\/jolanda-restano-filastrocche-per-la-festa-del-papa\/","url":"https:\/\/www.filastrocche.it\/leggiamo\/jolanda-restano-filastrocche-per-la-festa-del-papa\/","name":"Filastrocche per la Festa del Pap\u00e0 di Jolanda Restano","isPartOf":{"@id":"https:\/\/www.filastrocche.it\/leggiamo\/#website"},"primaryImageOfPage":{"@id":"https:\/\/www.filastrocche.it\/leggiamo\/jolanda-restano-filastrocche-per-la-festa-del-papa\/#primaryimage"},"image":{"@id":"https:\/\/www.filastrocche.it\/leggiamo\/jolanda-restano-filastrocche-per-la-festa-del-papa\/#primaryimage"},"thumbnailUrl":"https:\/\/www.filastrocche.it\/leggiamo\/wp-content\/uploads\/2012\/10\/festa_papa\u0300_300.png","datePublished":"2012-10-01T20:21:57+00:00","dateModified":"2021-03-19T11:48:05+00:00","author":{"@id":"https:\/\/www.filastrocche.it\/leggiamo\/#\/schema\/person\/13a7995b740342851d3a3c001f9dd658"},"description":"Una selezione delle migliori Filastrocche per la Festa del Pap\u00e0 scritte da Jolanda Restano, adatte da studiare a memoria e recitare al babbo nel giorno...","breadcrumb":{"@id":"https:\/\/www.filastrocche.it\/leggiamo\/jolanda-restano-filastrocche-per-la-festa-del-papa\/#breadcrumb"},"inLanguage":"it-IT","potentialAction":[{"@type":"ReadAction","target":["https:\/\/www.filastrocche.it\/leggiamo\/jolanda-restano-filastrocche-per-la-festa-del-papa\/"]}]},{"@type":"ImageObject","inLanguage":"it-IT","@id":"https:\/\/www.filastrocche.it\/leggiamo\/jolanda-restano-filastrocche-per-la-festa-del-papa\/#primaryimage","url":"https:\/\/www.filastrocche.it\/leggiamo\/wp-content\/uploads\/2012\/10\/festa_papa\u0300_300.png","contentUrl":"https:\/\/www.filastrocche.it\/leggiamo\/wp-content\/uploads\/2012\/10\/festa_papa\u0300_300.png","width":"300","height":"427"},{"@type":"BreadcrumbList","@id":"https:\/\/www.filastrocche.it\/leggiamo\/jolanda-restano-filastrocche-per-la-festa-del-papa\/#breadcrumb","itemListElement":[{"@type":"ListItem","position":1,"name":"Home","item":"https:\/\/www.filastrocche.it\/leggiamo\/"},{"@type":"ListItem","position":2,"name":"Jolanda Restano: Filastrocche per la Festa del Pap\u00e0"}]},{"@type":"WebSite","@id":"https:\/\/www.filastrocche.it\/leggiamo\/#website","url":"https:\/\/www.filastrocche.it\/leggiamo\/","name":"Autori e illustratori in Filastrocche.it","description":"Leggiamo e impariamo","potentialAction":[{"@type":"SearchAction","target":{"@type":"EntryPoint","urlTemplate":"https:\/\/www.filastrocche.it\/leggiamo\/?s={search_term_string}"},"query-input":{"@type":"PropertyValueSpecification","valueRequired":true,"valueName":"search_term_string"}}],"inLanguage":"it-IT"},{"@type":"Person","@id":"https:\/\/www.filastrocche.it\/leggiamo\/#\/schema\/person\/13a7995b740342851d3a3c001f9dd658","name":"Jolanda","image":{"@type":"ImageObject","inLanguage":"it-IT","@id":"https:\/\/www.filastrocche.it\/leggiamo\/#\/schema\/person\/image\/","url":"https:\/\/secure.gravatar.com\/avatar\/1b1f38df48384d8f75481e92c0cbf9e3494d37f3cf35cd02b0f5cba7d63f7349?s=96&d=mm&r=g","contentUrl":"https:\/\/secure.gravatar.com\/avatar\/1b1f38df48384d8f75481e92c0cbf9e3494d37f3cf35cd02b0f5cba7d63f7349?s=96&d=mm&r=g","caption":"Jolanda"},"sameAs":["http:\/\/www.facebook.com\/jolanda.restano","https:\/\/x.com\/jolandarestano"],"url":"https:\/\/www.filastrocche.it\/leggiamo\/author\/jolanda\/"}]}},"_links":{"self":[{"href":"https:\/\/www.filastrocche.it\/leggiamo\/wp-json\/wp\/v2\/posts\/1509","targetHints":{"allow":["GET"]}}],"collection":[{"href":"https:\/\/www.filastrocche.it\/leggiamo\/wp-json\/wp\/v2\/posts"}],"about":[{"href":"https:\/\/www.filastrocche.it\/leggiamo\/wp-json\/wp\/v2\/types\/post"}],"author":[{"embeddable":true,"href":"https:\/\/www.filastrocche.it\/leggiamo\/wp-json\/wp\/v2\/users\/5"}],"replies":[{"embeddable":true,"href":"https:\/\/www.filastrocche.it\/leggiamo\/wp-json\/wp\/v2\/comments?post=1509"}],"version-history":[{"count":3,"href":"https:\/\/www.filastrocche.it\/leggiamo\/wp-json\/wp\/v2\/posts\/1509\/revisions"}],"predecessor-version":[{"id":24070,"href":"https:\/\/www.filastrocche.it\/leggiamo\/wp-json\/wp\/v2\/posts\/1509\/revisions\/24070"}],"wp:featuredmedia":[{"embeddable":true,"href":"https:\/\/www.filastrocche.it\/leggiamo\/wp-json\/wp\/v2\/media\/1511"}],"wp:attachment":[{"href":"https:\/\/www.filastrocche.it\/leggiamo\/wp-json\/wp\/v2\/media?parent=1509"}],"wp:term":[{"taxonomy":"category","embeddable":true,"href":"https:\/\/www.filastrocche.it\/leggiamo\/wp-json\/wp\/v2\/categories?post=1509"},{"taxonomy":"post_tag","embeddable":true,"href":"https:\/\/www.filastrocche.it\/leggiamo\/wp-json\/wp\/v2\/tags?post=1509"},{"taxonomy":"sponsors","embeddable":true,"href":"https:\/\/www.filastrocche.it\/leggiamo\/wp-json\/wp\/v2\/sponsors?post=1509"}],"curies":[{"name":"wp","href":"https:\/\/api.w.org\/{rel}","templated":true}]}}