{"id":8283,"date":"2016-01-27T07:40:33","date_gmt":"2016-01-27T07:40:33","guid":{"rendered":"https:\/\/www.filastrocche.it\/recensioni\/?p=8283"},"modified":"2021-01-13T14:52:31","modified_gmt":"2021-01-13T14:52:31","slug":"la-porta-di-anne","status":"publish","type":"post","link":"https:\/\/www.filastrocche.it\/recensioni\/la-porta-di-anne\/","title":{"rendered":"La porta di Anne"},"content":{"rendered":"<blockquote>\n<p >Il romanzo di <strong>Guia Risari,<\/strong> novit\u00e0 editoriale di gennaio 2016 per Mondadori, narra la prigionia forzata di otto ebrei &#8211; tre uomini, due donne, due ragazzine e un ragazza &#8211; da oltre due anni rinchiusi in un appartamento segreto ad Amsterdam, nella speranza di sfuggire alle persecuzioni naziste: \u00e8 la storia di <strong>Anne Frank<\/strong>, non certo nuova, ma per la prima volta narrata da un punto di vista inedito, nelle poche ore prima dell\u2019arresto.<\/p>\n<p><img loading=\"lazy\" decoding=\"async\" width=\"396\" height=\"600\" class=\"aligncenter size-full wp-image-8297\" src=\"https:\/\/www.filastrocche.it\/recensioni\/wp-content\/uploads\/2016\/01\/La-porta-di-Anne.jpg\" alt=\"La porta di Anne\" srcset=\"https:\/\/www.filastrocche.it\/recensioni\/wp-content\/uploads\/2016\/01\/La-porta-di-Anne.jpg 396w, https:\/\/www.filastrocche.it\/recensioni\/wp-content\/uploads\/2016\/01\/La-porta-di-Anne-198x300.jpg 198w\" sizes=\"auto, (max-width: 396px) 100vw, 396px\" \/><\/p>\n<p>Il romanzo, consigliato ai ragazzi dai 12 anni, ha il merito di spaziare oltre la vicenda di Anne, diventata simbolo della Shoah e delle sofferenze del popolo ebreo durante la II Guerra Mondiale; ci ricorda che Anne nel suo rifugio non era sola, c&#8217;erano mamma Edith, pap\u00e0 Otto e\u00a0 Margot, la sorella maggiore. E poi ancora altri quattro ebrei olandesi, Peter, Auguste, Hermann e Fritz.<br \/>\nVengono narrate le poche ore del mattino del 4 agosto, quando la Gestapo (la Polizia Segreta di Stato tedesca), attraverso una soffiata anonima, trov\u00f2 il nascondiglio. Le ore dal risveglio all&#8217;arresto sono narrate da ognuno dei personaggi, attraverso pensieri, sogni, abitudini.<\/p>\n<p><img loading=\"lazy\" decoding=\"async\" width=\"466\" height=\"600\" class=\"aligncenter size-full wp-image-8315\" src=\"https:\/\/www.filastrocche.it\/recensioni\/wp-content\/uploads\/2016\/01\/scansione0003.jpg\" alt=\"La porta di Anne\" srcset=\"https:\/\/www.filastrocche.it\/recensioni\/wp-content\/uploads\/2016\/01\/scansione0003.jpg 466w, https:\/\/www.filastrocche.it\/recensioni\/wp-content\/uploads\/2016\/01\/scansione0003-233x300.jpg 233w\" sizes=\"auto, (max-width: 466px) 100vw, 466px\" \/>Tutti hanno un sogno, ma c&#8217;\u00e8 un desiderio pi\u00f9 grande che accomuna tutti: la libert\u00e0.<br \/>\n&#8220;Peter sogna verdi colline da attraversare a cavallo. Auguste sogna una pelliccia. Otto sogna navi capaci di solcare ogni oceano. Margot sogna di nuotare in piscina. Fritz sogna la donna che ama. Edith sogna di tornare bambina. Hermann sogna di camminare in un prato. Anne sogna di diventare una scrittrice.&#8221;<br \/>\nMa anche il sottoufficiale delle SS, Karl Josef Silberbauer, ha un sogno: stanare otto persone nascoste in un vecchio edificio. E la mattina del 4 agosto del 1944 quel sogno diventa realt\u00e0. Il suo punto di vista fa da controaltare a quello degli otto inquilini, esterno ma complementare, e proprio attraverso il mondo interiore e le abitudini di vita dei personaggi, Guia Risari traccia un affresco della vita quotidiana e un preciso inquadramento storico.<\/p>\n<p><strong>La porta di Anne<\/strong>, con le delicate illustrazioni di <strong>Arianna Floris<\/strong>, \u00e8 corredato da note storiche e una ricca bibliografia e si rivela un&#8217;ottima occasione di approfondimento per far conoscere ai nostri ragazzi una triste e terribile pagina della nostra storia, da non dimenticare.<br \/>\nVuoi sapere qualcosa in pi\u00f9 su <strong>Guia Risari?<br \/>\n<img loading=\"lazy\" decoding=\"async\" width=\"150\" height=\"150\" class=\"alignnone wp-image-8415 size-thumbnail\" title=\"Guia Risari\" src=\"https:\/\/www.filastrocche.it\/recensioni\/wp-content\/uploads\/2016\/01\/Home_Guia-Risari-150x150.jpg\" alt=\"Guia Risari\"   \/><\/strong><br \/>\nclicca il seguente link:<br \/>\n<a href=\"https:\/\/www.filastrocche.it\/leggiamo\/guia-risari\/\">https:\/\/www.filastrocche.it\/leggiamo\/guia-risari\/<\/a><\/p><\/blockquote>\n","protected":false},"excerpt":{"rendered":"<p>Il romanzo di Guia Risari, novit\u00e0 editoriale di gennaio 2016 per Mondadori, narra la prigionia forzata di otto ebrei &#8211; tre uomini, due donne, due ragazzine e un ragazza &#8211; da oltre due anni rinchiusi in un appartamento segreto ad Amsterdam, nella speranza di sfuggire alle persecuzioni naziste: \u00e8 la storia di Anne Frank, non [&hellip;]<\/p>\n","protected":false},"author":3289,"featured_media":8285,"comment_status":"open","ping_status":"open","sticky":false,"template":"","format":"standard","meta":{"footnotes":""},"categories":[7,34,105],"tags":[1187,1369,1191,1367,779],"sponsors":[],"class_list":["post-8283","post","type-post","status-publish","format-standard","has-post-thumbnail","hentry","category-libri","category-romanzo","category-storia","tag-anna-frank","tag-giorno-della-memoria","tag-guia-risari","tag-olocausto","tag-shoah","fascia_eta-da-12-a-14-anni","autore_recensione-redazione-di-filastrocche-it"],"yoast_head":"<!-- This site is optimized with the Yoast SEO plugin v26.2 - https:\/\/yoast.com\/wordpress\/plugins\/seo\/ -->\n<title>La porta di Anne - Le recensioni di Filastrocche.it<\/title>\n<meta name=\"description\" content=\"Recensione del romanzo La porta di Anne, di Guia Risari per Filastrocche.it. La storia della prigionia di Anna Frank e degli altri 7 ebrei nascosti nell&#039;alloggio segreto ad Amsterdam\" \/>\n<meta name=\"robots\" content=\"index, follow, max-snippet:-1, max-image-preview:large, max-video-preview:-1\" \/>\n<link rel=\"canonical\" href=\"https:\/\/www.filastrocche.it\/recensioni\/la-porta-di-anne\/\" \/>\n<meta property=\"og:locale\" content=\"it_IT\" \/>\n<meta property=\"og:type\" content=\"article\" \/>\n<meta property=\"og:title\" content=\"La porta di Anne - Le recensioni di Filastrocche.it\" \/>\n<meta property=\"og:description\" content=\"Recensione del romanzo La porta di Anne, di Guia Risari per Filastrocche.it. La storia della prigionia di Anna Frank e degli altri 7 ebrei nascosti nell&#039;alloggio segreto ad Amsterdam\" \/>\n<meta property=\"og:url\" content=\"https:\/\/www.filastrocche.it\/recensioni\/la-porta-di-anne\/\" \/>\n<meta property=\"og:site_name\" content=\"Le recensioni di Filastrocche.it\" \/>\n<meta property=\"article:published_time\" content=\"2016-01-27T07:40:33+00:00\" \/>\n<meta property=\"article:modified_time\" content=\"2021-01-13T14:52:31+00:00\" \/>\n<meta property=\"og:image\" content=\"https:\/\/www.filastrocche.it\/recensioni\/wp-content\/uploads\/2016\/01\/copertina-porta-di-anne-550-guia-risari.jpg\" \/>\n\t<meta property=\"og:image:width\" content=\"550\" \/>\n\t<meta property=\"og:image:height\" content=\"807\" \/>\n\t<meta property=\"og:image:type\" content=\"image\/jpeg\" \/>\n<meta name=\"author\" content=\"Ilaria Pavetto\" \/>\n<meta name=\"twitter:label1\" content=\"Scritto da\" \/>\n\t<meta name=\"twitter:data1\" content=\"Ilaria Pavetto\" \/>\n\t<meta name=\"twitter:label2\" content=\"Tempo di lettura stimato\" \/>\n\t<meta name=\"twitter:data2\" content=\"2 minuti\" \/>\n<!-- \/ Yoast SEO plugin. -->","yoast_head_json":{"title":"La porta di Anne - Le recensioni di Filastrocche.it","description":"Recensione del romanzo La porta di Anne, di Guia Risari per Filastrocche.it. La storia della prigionia di Anna Frank e degli altri 7 ebrei nascosti nell'alloggio segreto ad Amsterdam","robots":{"index":"index","follow":"follow","max-snippet":"max-snippet:-1","max-image-preview":"max-image-preview:large","max-video-preview":"max-video-preview:-1"},"canonical":"https:\/\/www.filastrocche.it\/recensioni\/la-porta-di-anne\/","og_locale":"it_IT","og_type":"article","og_title":"La porta di Anne - Le recensioni di Filastrocche.it","og_description":"Recensione del romanzo La porta di Anne, di Guia Risari per Filastrocche.it. La storia della prigionia di Anna Frank e degli altri 7 ebrei nascosti nell'alloggio segreto ad Amsterdam","og_url":"https:\/\/www.filastrocche.it\/recensioni\/la-porta-di-anne\/","og_site_name":"Le recensioni di Filastrocche.it","article_published_time":"2016-01-27T07:40:33+00:00","article_modified_time":"2021-01-13T14:52:31+00:00","og_image":[{"width":550,"height":807,"url":"https:\/\/www.filastrocche.it\/recensioni\/wp-content\/uploads\/2016\/01\/copertina-porta-di-anne-550-guia-risari.jpg","type":"image\/jpeg"}],"author":"Ilaria Pavetto","twitter_misc":{"Scritto da":"Ilaria Pavetto","Tempo di lettura stimato":"2 minuti"},"schema":{"@context":"https:\/\/schema.org","@graph":[{"@type":"WebPage","@id":"https:\/\/www.filastrocche.it\/recensioni\/la-porta-di-anne\/","url":"https:\/\/www.filastrocche.it\/recensioni\/la-porta-di-anne\/","name":"La porta di Anne - Le recensioni di Filastrocche.it","isPartOf":{"@id":"https:\/\/www.filastrocche.it\/recensioni\/#website"},"primaryImageOfPage":{"@id":"https:\/\/www.filastrocche.it\/recensioni\/la-porta-di-anne\/#primaryimage"},"image":{"@id":"https:\/\/www.filastrocche.it\/recensioni\/la-porta-di-anne\/#primaryimage"},"thumbnailUrl":"https:\/\/www.filastrocche.it\/recensioni\/wp-content\/uploads\/2016\/01\/copertina-porta-di-anne-550-guia-risari.jpg","datePublished":"2016-01-27T07:40:33+00:00","dateModified":"2021-01-13T14:52:31+00:00","author":{"@id":"https:\/\/www.filastrocche.it\/recensioni\/#\/schema\/person\/50e504679a1975d8be9aa68e635143b1"},"description":"Recensione del romanzo La porta di Anne, di Guia Risari per Filastrocche.it. La storia della prigionia di Anna Frank e degli altri 7 ebrei nascosti nell'alloggio segreto ad Amsterdam","breadcrumb":{"@id":"https:\/\/www.filastrocche.it\/recensioni\/la-porta-di-anne\/#breadcrumb"},"inLanguage":"it-IT","potentialAction":[{"@type":"ReadAction","target":["https:\/\/www.filastrocche.it\/recensioni\/la-porta-di-anne\/"]}]},{"@type":"ImageObject","inLanguage":"it-IT","@id":"https:\/\/www.filastrocche.it\/recensioni\/la-porta-di-anne\/#primaryimage","url":"https:\/\/www.filastrocche.it\/recensioni\/wp-content\/uploads\/2016\/01\/copertina-porta-di-anne-550-guia-risari.jpg","contentUrl":"https:\/\/www.filastrocche.it\/recensioni\/wp-content\/uploads\/2016\/01\/copertina-porta-di-anne-550-guia-risari.jpg","width":550,"height":807},{"@type":"BreadcrumbList","@id":"https:\/\/www.filastrocche.it\/recensioni\/la-porta-di-anne\/#breadcrumb","itemListElement":[{"@type":"ListItem","position":1,"name":"Home","item":"https:\/\/www.filastrocche.it\/recensioni\/"},{"@type":"ListItem","position":2,"name":"La porta di Anne"}]},{"@type":"WebSite","@id":"https:\/\/www.filastrocche.it\/recensioni\/#website","url":"https:\/\/www.filastrocche.it\/recensioni\/","name":"Le recensioni di Filastrocche.it","description":"Libri, musica, film e non solo","potentialAction":[{"@type":"SearchAction","target":{"@type":"EntryPoint","urlTemplate":"https:\/\/www.filastrocche.it\/recensioni\/?s={search_term_string}"},"query-input":{"@type":"PropertyValueSpecification","valueRequired":true,"valueName":"search_term_string"}}],"inLanguage":"it-IT"},{"@type":"Person","@id":"https:\/\/www.filastrocche.it\/recensioni\/#\/schema\/person\/50e504679a1975d8be9aa68e635143b1","name":"Ilaria Pavetto","image":{"@type":"ImageObject","inLanguage":"it-IT","@id":"https:\/\/www.filastrocche.it\/recensioni\/#\/schema\/person\/image\/","url":"https:\/\/secure.gravatar.com\/avatar\/20ba7c12b1ca97dadfdc48a7a9bac6727149538af92a439e5cba06ae64a82ea0?s=96&d=mm&r=g","contentUrl":"https:\/\/secure.gravatar.com\/avatar\/20ba7c12b1ca97dadfdc48a7a9bac6727149538af92a439e5cba06ae64a82ea0?s=96&d=mm&r=g","caption":"Ilaria Pavetto"},"url":"https:\/\/www.filastrocche.it\/recensioni\/author\/redazione-ilaria\/"}]}},"_links":{"self":[{"href":"https:\/\/www.filastrocche.it\/recensioni\/wp-json\/wp\/v2\/posts\/8283","targetHints":{"allow":["GET"]}}],"collection":[{"href":"https:\/\/www.filastrocche.it\/recensioni\/wp-json\/wp\/v2\/posts"}],"about":[{"href":"https:\/\/www.filastrocche.it\/recensioni\/wp-json\/wp\/v2\/types\/post"}],"author":[{"embeddable":true,"href":"https:\/\/www.filastrocche.it\/recensioni\/wp-json\/wp\/v2\/users\/3289"}],"replies":[{"embeddable":true,"href":"https:\/\/www.filastrocche.it\/recensioni\/wp-json\/wp\/v2\/comments?post=8283"}],"version-history":[{"count":1,"href":"https:\/\/www.filastrocche.it\/recensioni\/wp-json\/wp\/v2\/posts\/8283\/revisions"}],"predecessor-version":[{"id":13052,"href":"https:\/\/www.filastrocche.it\/recensioni\/wp-json\/wp\/v2\/posts\/8283\/revisions\/13052"}],"wp:featuredmedia":[{"embeddable":true,"href":"https:\/\/www.filastrocche.it\/recensioni\/wp-json\/wp\/v2\/media\/8285"}],"wp:attachment":[{"href":"https:\/\/www.filastrocche.it\/recensioni\/wp-json\/wp\/v2\/media?parent=8283"}],"wp:term":[{"taxonomy":"category","embeddable":true,"href":"https:\/\/www.filastrocche.it\/recensioni\/wp-json\/wp\/v2\/categories?post=8283"},{"taxonomy":"post_tag","embeddable":true,"href":"https:\/\/www.filastrocche.it\/recensioni\/wp-json\/wp\/v2\/tags?post=8283"},{"taxonomy":"sponsors","embeddable":true,"href":"https:\/\/www.filastrocche.it\/recensioni\/wp-json\/wp\/v2\/sponsors?post=8283"}],"curies":[{"name":"wp","href":"https:\/\/api.w.org\/{rel}","templated":true}]}}